{"id":1054,"date":"2014-12-15T11:14:08","date_gmt":"2014-12-15T09:14:08","guid":{"rendered":"http:\/\/smk-art.de\/art\/?p=1054"},"modified":"2014-12-15T11:14:28","modified_gmt":"2014-12-15T09:14:28","slug":"jahresschau-sk-im-kunstmuseum","status":"publish","type":"post","link":"https:\/\/smk-art.de\/art\/jahresschau-sk-im-kunstmuseum\/","title":{"rendered":"Jahresschau SK im Kunstmuseum"},"content":{"rendered":"<p>&#8222;Die Ausstellung ist so wichtig f\u00fcr das Haus, weil man merkt , mit wieviel Interesse und Kraft die K\u00fcnstler dahinter stehen.&#8220; Mit einem Kompliment an den Verein der Solinger K\u00fcnstler er\u00f6ffnete Dr. R. Jessewitsch (Direktor des Kunstmuseums) die Pressekonferenz zur traditionellen Jahresausstellung. &#8230; Das Ergebnis kann sich wahrlich sehen lassen, denn insgesamt ist den K\u00fcnstlern nicht nur eine stimmige, sondern auch spannende Pr\u00e4sentation gelungen,&#8230;&#8220; (6.12.2014, Solinger Morgenpost, Michael Tesch)<\/p>\n<p>&#8222;Die Schaffenskraft der 24 ausstellenden K\u00fcnstler ist wieder enorm. &#8230; Susanne M\u00fcller-K\u00f6lmels Fr\u00fchst\u00fccksszenen zeugen von gro\u00dfem Detailreichtum.&#8220; (6.12.2014, Solinger Tageblatt, Karl-Rainer Broch)<\/p>\n<p><a href=\"http:\/\/smk-art.de\/art\/wp-content\/uploads\/2014\/12\/jahresschau-sk-2014-early-peace-in-pattern-smk2.jpg\"><img loading=\"lazy\" decoding=\"async\" class=\"alignnone size-medium wp-image-1056\" alt=\"jahresschau-sk-2014-early-peace-in pattern-smk2\" src=\"http:\/\/smk-art.de\/art\/wp-content\/uploads\/2014\/12\/jahresschau-sk-2014-early-peace-in-pattern-smk2-240x300.jpg\" width=\"240\" height=\"300\" srcset=\"https:\/\/smk-art.de\/art\/wp-content\/uploads\/2014\/12\/jahresschau-sk-2014-early-peace-in-pattern-smk2-240x300.jpg 240w, https:\/\/smk-art.de\/art\/wp-content\/uploads\/2014\/12\/jahresschau-sk-2014-early-peace-in-pattern-smk2.jpg 768w\" sizes=\"auto, (max-width: 240px) 100vw, 240px\" \/><\/a><\/p>\n<p>&nbsp;<\/p>\n","protected":false},"excerpt":{"rendered":"<p>&#8222;Die Ausstellung ist so wichtig f\u00fcr das Haus, weil man merkt , mit wieviel Interesse und Kraft die K\u00fcnstler dahinter stehen.&#8220; Mit einem Kompliment an den Verein der Solinger K\u00fcnstler er\u00f6ffnete Dr. R. Jessewitsch (Direktor des Kunstmuseums) die Pressekonferenz zur traditionellen Jahresausstellung. &#8230; Das Ergebnis kann sich wahrlich sehen lassen, denn insgesamt ist den K\u00fcnstlern [&hellip;]<\/p>\n","protected":false},"author":2,"featured_media":1055,"comment_status":"closed","ping_status":"closed","sticky":false,"template":"","format":"standard","meta":{"_uag_custom_page_level_css":"","pgc_sgb_lightbox_settings":"","ocean_post_layout":"","ocean_both_sidebars_style":"","ocean_both_sidebars_content_width":0,"ocean_both_sidebars_sidebars_width":0,"ocean_sidebar":"","ocean_second_sidebar":"","ocean_disable_margins":"enable","ocean_add_body_class":"","ocean_shortcode_before_top_bar":"","ocean_shortcode_after_top_bar":"","ocean_shortcode_before_header":"","ocean_shortcode_after_header":"","ocean_has_shortcode":"","ocean_shortcode_after_title":"","ocean_shortcode_before_footer_widgets":"","ocean_shortcode_after_footer_widgets":"","ocean_shortcode_before_footer_bottom":"","ocean_shortcode_after_footer_bottom":"","ocean_display_top_bar":"default","ocean_display_header":"default","ocean_header_style":"","ocean_center_header_left_menu":"","ocean_custom_header_template":"","ocean_custom_logo":0,"ocean_custom_retina_logo":0,"ocean_custom_logo_max_width":0,"ocean_custom_logo_tablet_max_width":0,"ocean_custom_logo_mobile_max_width":0,"ocean_custom_logo_max_height":0,"ocean_custom_logo_tablet_max_height":0,"ocean_custom_logo_mobile_max_height":0,"ocean_header_custom_menu":"","ocean_menu_typo_font_family":"","ocean_menu_typo_font_subset":"","ocean_menu_typo_font_size":0,"ocean_menu_typo_font_size_tablet":0,"ocean_menu_typo_font_size_mobile":0,"ocean_menu_typo_font_size_unit":"px","ocean_menu_typo_font_weight":"","ocean_menu_typo_font_weight_tablet":"","ocean_menu_typo_font_weight_mobile":"","ocean_menu_typo_transform":"","ocean_menu_typo_transform_tablet":"","ocean_menu_typo_transform_mobile":"","ocean_menu_typo_line_height":0,"ocean_menu_typo_line_height_tablet":0,"ocean_menu_typo_line_height_mobile":0,"ocean_menu_typo_line_height_unit":"","ocean_menu_typo_spacing":0,"ocean_menu_typo_spacing_tablet":0,"ocean_menu_typo_spacing_mobile":0,"ocean_menu_typo_spacing_unit":"","ocean_menu_link_color":"","ocean_menu_link_color_hover":"","ocean_menu_link_color_active":"","ocean_menu_link_background":"","ocean_menu_link_hover_background":"","ocean_menu_link_active_background":"","ocean_menu_social_links_bg":"","ocean_menu_social_hover_links_bg":"","ocean_menu_social_links_color":"","ocean_menu_social_hover_links_color":"","ocean_disable_title":"default","ocean_disable_heading":"default","ocean_post_title":"","ocean_post_subheading":"","ocean_post_title_style":"","ocean_post_title_background_color":"","ocean_post_title_background":0,"ocean_post_title_bg_image_position":"","ocean_post_title_bg_image_attachment":"","ocean_post_title_bg_image_repeat":"","ocean_post_title_bg_image_size":"","ocean_post_title_height":0,"ocean_post_title_bg_overlay":0.5,"ocean_post_title_bg_overlay_color":"","ocean_disable_breadcrumbs":"default","ocean_breadcrumbs_color":"","ocean_breadcrumbs_separator_color":"","ocean_breadcrumbs_links_color":"","ocean_breadcrumbs_links_hover_color":"","ocean_display_footer_widgets":"default","ocean_display_footer_bottom":"default","ocean_custom_footer_template":"","ocean_post_oembed":"","ocean_post_self_hosted_media":"","ocean_post_video_embed":"","ocean_link_format":"","ocean_link_format_target":"self","ocean_quote_format":"","ocean_quote_format_link":"post","ocean_gallery_link_images":"on","ocean_gallery_id":[],"footnotes":""},"categories":[1],"tags":[],"class_list":["post-1054","post","type-post","status-publish","format-standard","has-post-thumbnail","hentry","category-allgemein","entry","has-media"],"featured_image_src":"https:\/\/smk-art.de\/art\/wp-content\/uploads\/2014\/12\/jahresschau-sk-2014-early-peace-in-pattern-smk1.jpg","author_info":{"display_name":"Susanne M\u00fcller-K\u00f6lmel","author_link":"https:\/\/smk-art.de\/art\/author\/susanne\/"},"uagb_featured_image_src":{"full":["https:\/\/smk-art.de\/art\/wp-content\/uploads\/2014\/12\/jahresschau-sk-2014-early-peace-in-pattern-smk1.jpg",768,960,false],"thumbnail":["https:\/\/smk-art.de\/art\/wp-content\/uploads\/2014\/12\/jahresschau-sk-2014-early-peace-in-pattern-smk1-280x280.jpg",280,280,true],"medium":["https:\/\/smk-art.de\/art\/wp-content\/uploads\/2014\/12\/jahresschau-sk-2014-early-peace-in-pattern-smk1-240x300.jpg",240,300,true],"medium_large":["https:\/\/smk-art.de\/art\/wp-content\/uploads\/2014\/12\/jahresschau-sk-2014-early-peace-in-pattern-smk1.jpg",768,960,false],"large":["https:\/\/smk-art.de\/art\/wp-content\/uploads\/2014\/12\/jahresschau-sk-2014-early-peace-in-pattern-smk1.jpg",768,960,false],"1536x1536":["https:\/\/smk-art.de\/art\/wp-content\/uploads\/2014\/12\/jahresschau-sk-2014-early-peace-in-pattern-smk1.jpg",768,960,false],"2048x2048":["https:\/\/smk-art.de\/art\/wp-content\/uploads\/2014\/12\/jahresschau-sk-2014-early-peace-in-pattern-smk1.jpg",768,960,false],"ocean-thumb-m":["https:\/\/smk-art.de\/art\/wp-content\/uploads\/2014\/12\/jahresschau-sk-2014-early-peace-in-pattern-smk1.jpg",480,600,false],"ocean-thumb-ml":["https:\/\/smk-art.de\/art\/wp-content\/uploads\/2014\/12\/jahresschau-sk-2014-early-peace-in-pattern-smk1.jpg",360,450,false],"ocean-thumb-l":["https:\/\/smk-art.de\/art\/wp-content\/uploads\/2014\/12\/jahresschau-sk-2014-early-peace-in-pattern-smk1.jpg",560,700,false]},"uagb_author_info":{"display_name":"Susanne M\u00fcller-K\u00f6lmel","author_link":"https:\/\/smk-art.de\/art\/author\/susanne\/"},"uagb_comment_info":0,"uagb_excerpt":"&#8222;Die Ausstellung ist so wichtig f\u00fcr das Haus, weil man merkt , mit wieviel Interesse und Kraft die K\u00fcnstler dahinter stehen.&#8220; Mit einem Kompliment an den Verein der Solinger K\u00fcnstler er\u00f6ffnete Dr. R. Jessewitsch (Direktor des Kunstmuseums) die Pressekonferenz zur traditionellen Jahresausstellung. &#8230; Das Ergebnis kann sich wahrlich sehen lassen, denn insgesamt ist den K\u00fcnstlern&hellip;","_links":{"self":[{"href":"https:\/\/smk-art.de\/art\/wp-json\/wp\/v2\/posts\/1054","targetHints":{"allow":["GET"]}}],"collection":[{"href":"https:\/\/smk-art.de\/art\/wp-json\/wp\/v2\/posts"}],"about":[{"href":"https:\/\/smk-art.de\/art\/wp-json\/wp\/v2\/types\/post"}],"author":[{"embeddable":true,"href":"https:\/\/smk-art.de\/art\/wp-json\/wp\/v2\/users\/2"}],"replies":[{"embeddable":true,"href":"https:\/\/smk-art.de\/art\/wp-json\/wp\/v2\/comments?post=1054"}],"version-history":[{"count":3,"href":"https:\/\/smk-art.de\/art\/wp-json\/wp\/v2\/posts\/1054\/revisions"}],"predecessor-version":[{"id":1059,"href":"https:\/\/smk-art.de\/art\/wp-json\/wp\/v2\/posts\/1054\/revisions\/1059"}],"wp:featuredmedia":[{"embeddable":true,"href":"https:\/\/smk-art.de\/art\/wp-json\/wp\/v2\/media\/1055"}],"wp:attachment":[{"href":"https:\/\/smk-art.de\/art\/wp-json\/wp\/v2\/media?parent=1054"}],"wp:term":[{"taxonomy":"category","embeddable":true,"href":"https:\/\/smk-art.de\/art\/wp-json\/wp\/v2\/categories?post=1054"},{"taxonomy":"post_tag","embeddable":true,"href":"https:\/\/smk-art.de\/art\/wp-json\/wp\/v2\/tags?post=1054"}],"curies":[{"name":"wp","href":"https:\/\/api.w.org\/{rel}","templated":true}]}}