{"id":2127,"date":"2017-05-06T13:23:57","date_gmt":"2017-05-06T11:23:57","guid":{"rendered":"http:\/\/smk-art.de\/art\/?p=2127"},"modified":"2021-02-24T19:36:43","modified_gmt":"2021-02-24T17:36:43","slug":"rest-or-run-aktuelle-ausstellung","status":"publish","type":"post","link":"https:\/\/smk-art.de\/art\/rest-or-run-aktuelle-ausstellung\/","title":{"rendered":"rest or run"},"content":{"rendered":"<p>\u201erest or run\u201c, unter diesem Titel pr\u00e4sentiert die in Solingen und D\u00fcsseldorf arbeitende K\u00fcnstlerin Susanne M\u00fcller-K\u00f6lmel eine ebenso vielschichtige wie spannende Ausstellung.<\/p>\n<p><img loading=\"lazy\" decoding=\"async\" class=\"alignnone size-medium wp-image-2135\" src=\"http:\/\/smk-art.de\/art\/wp-content\/uploads\/2017\/05\/rest-or-run-mueller-koelmel-a-ansicht8-low-300x225.jpg\" alt=\"\" width=\"300\" height=\"225\" srcset=\"https:\/\/smk-art.de\/art\/wp-content\/uploads\/2017\/05\/rest-or-run-mueller-koelmel-a-ansicht8-low-300x225.jpg 300w, https:\/\/smk-art.de\/art\/wp-content\/uploads\/2017\/05\/rest-or-run-mueller-koelmel-a-ansicht8-low-768x576.jpg 768w, https:\/\/smk-art.de\/art\/wp-content\/uploads\/2017\/05\/rest-or-run-mueller-koelmel-a-ansicht8-low.jpg 960w\" sizes=\"auto, (max-width: 300px) 100vw, 300px\" \/>\u00a0 <img loading=\"lazy\" decoding=\"async\" class=\"alignnone size-medium wp-image-2134\" src=\"http:\/\/smk-art.de\/art\/wp-content\/uploads\/2017\/05\/rest-or-run-mueller-koelmel-a-ansicht7-low-300x225.jpg\" alt=\"\" width=\"300\" height=\"225\" srcset=\"https:\/\/smk-art.de\/art\/wp-content\/uploads\/2017\/05\/rest-or-run-mueller-koelmel-a-ansicht7-low-300x225.jpg 300w, https:\/\/smk-art.de\/art\/wp-content\/uploads\/2017\/05\/rest-or-run-mueller-koelmel-a-ansicht7-low-768x576.jpg 768w, https:\/\/smk-art.de\/art\/wp-content\/uploads\/2017\/05\/rest-or-run-mueller-koelmel-a-ansicht7-low.jpg 960w\" sizes=\"auto, (max-width: 300px) 100vw, 300px\" \/><\/p>\n<p>Ruhen oder rennen, das ist die Frage. Wem aber wird sie gestellt? Sich selbst, uns, der Gesellschaft? Ihre Themen kreisen einerseits um aktuelle Geschehnisse, die sowohl privater, als auch gesellschaftlicher und politischer Natur sind, andererseits um den spielerischen Umgang mit Formen, Farben und Rhythmen, dem sie sich immer wieder lustvoll hingibt und lotet dabei in ihrer Kunst die M\u00f6glichkeiten von Malerei aus. &#8230;<\/p>\n<p>Der Pinselduktus verweist auf die schnelle F\u00fchrung der klassischen Moderne, mit dem fl\u00fcchtig R\u00e4ume und Gegenst\u00e4nde anskizziert werden, um sie greifbar werden zu lassen.<\/p>\n<p>Susanne M\u00fcller-K\u00f6lmel benutzt und erweitert diese technische \u00dcberlieferung. So treten neben dem virtuosen, schnellen Pinselduktus, die \u00dcbermalung, der Farbverlauf, die optische Verwischung und das Sprayen als Stilmittel auf. &#8230;<\/p>\n<p>Es ist eine stille Narration, die sich des traditionellen Sujets des Stilllebens bedient und dabei das Verh\u00e4ltnis von Unsch\u00e4rfe und Sch\u00e4rfe, Raum und Nichtraum , Vergangenheit und Gegenwart sowie optischer Erscheinungen und dinghafter Stofflichkeit subtil auslotet. &#8230;<\/p>\n<p>In rhythmischen Rapporten verbindet sie Elemente zu ornamentartigen Mustern. Es entstehen Tapeten, Bildhintergr\u00fcnde oder eine ganze Werkgruppe, die in ihrer Ausf\u00fchrung kaum eine Technik entbehren. So bedient sie sich der Fotografie, digitaler Medien ebenso wie des klassischen Drucks. Die rapportartig gestalteten Patternscapes\u00a9 sind Arbeiten, die sich aus der Extraktion einzelner Motive bereits existierender Gem\u00e4lde herausl\u00f6sen und durch ihre Vervielf\u00e4ltigung zu einem einzigartigen Muster zusammengesetzt werden. Die Textur verfremdet dabei das urspr\u00fcngliche Motiv so stark, dass es nicht mehr erahnbar ist&#8230;.<\/p>\n<p>Nichts hat nur eine Betrachtungsebene, vielmehr ist die Welt so bunt und vielschichtig wie die Arbeiten von Susanne M\u00fcller-K\u00f6lmel, die es verstehen dem Betrachter diesen Antagonismus sichtbar zu machen.&#8220; Madalina Rotter,\u00a0 M.A. Duisurg<\/p>\n","protected":false},"excerpt":{"rendered":"<p>\u201erest or run\u201c, unter diesem Titel pr\u00e4sentiert die in Solingen und D\u00fcsseldorf arbeitende K\u00fcnstlerin Susanne M\u00fcller-K\u00f6lmel eine ebenso vielschichtige wie spannende Ausstellung. \u00a0 Ruhen oder rennen, das ist die Frage. Wem aber wird sie gestellt? Sich selbst, uns, der Gesellschaft? Ihre Themen kreisen einerseits um aktuelle Geschehnisse, die sowohl privater, als auch gesellschaftlicher und politischer [&hellip;]<\/p>\n","protected":false},"author":2,"featured_media":2132,"comment_status":"closed","ping_status":"closed","sticky":false,"template":"","format":"standard","meta":{"_uag_custom_page_level_css":"","pgc_sgb_lightbox_settings":"","ocean_post_layout":"","ocean_both_sidebars_style":"","ocean_both_sidebars_content_width":0,"ocean_both_sidebars_sidebars_width":0,"ocean_sidebar":"","ocean_second_sidebar":"","ocean_disable_margins":"enable","ocean_add_body_class":"","ocean_shortcode_before_top_bar":"","ocean_shortcode_after_top_bar":"","ocean_shortcode_before_header":"","ocean_shortcode_after_header":"","ocean_has_shortcode":"","ocean_shortcode_after_title":"","ocean_shortcode_before_footer_widgets":"","ocean_shortcode_after_footer_widgets":"","ocean_shortcode_before_footer_bottom":"","ocean_shortcode_after_footer_bottom":"","ocean_display_top_bar":"default","ocean_display_header":"default","ocean_header_style":"","ocean_center_header_left_menu":"","ocean_custom_header_template":"","ocean_custom_logo":0,"ocean_custom_retina_logo":0,"ocean_custom_logo_max_width":0,"ocean_custom_logo_tablet_max_width":0,"ocean_custom_logo_mobile_max_width":0,"ocean_custom_logo_max_height":0,"ocean_custom_logo_tablet_max_height":0,"ocean_custom_logo_mobile_max_height":0,"ocean_header_custom_menu":"","ocean_menu_typo_font_family":"","ocean_menu_typo_font_subset":"","ocean_menu_typo_font_size":0,"ocean_menu_typo_font_size_tablet":0,"ocean_menu_typo_font_size_mobile":0,"ocean_menu_typo_font_size_unit":"px","ocean_menu_typo_font_weight":"","ocean_menu_typo_font_weight_tablet":"","ocean_menu_typo_font_weight_mobile":"","ocean_menu_typo_transform":"","ocean_menu_typo_transform_tablet":"","ocean_menu_typo_transform_mobile":"","ocean_menu_typo_line_height":0,"ocean_menu_typo_line_height_tablet":0,"ocean_menu_typo_line_height_mobile":0,"ocean_menu_typo_line_height_unit":"","ocean_menu_typo_spacing":0,"ocean_menu_typo_spacing_tablet":0,"ocean_menu_typo_spacing_mobile":0,"ocean_menu_typo_spacing_unit":"","ocean_menu_link_color":"","ocean_menu_link_color_hover":"","ocean_menu_link_color_active":"","ocean_menu_link_background":"","ocean_menu_link_hover_background":"","ocean_menu_link_active_background":"","ocean_menu_social_links_bg":"","ocean_menu_social_hover_links_bg":"","ocean_menu_social_links_color":"","ocean_menu_social_hover_links_color":"","ocean_disable_title":"default","ocean_disable_heading":"default","ocean_post_title":"","ocean_post_subheading":"","ocean_post_title_style":"","ocean_post_title_background_color":"","ocean_post_title_background":0,"ocean_post_title_bg_image_position":"","ocean_post_title_bg_image_attachment":"","ocean_post_title_bg_image_repeat":"","ocean_post_title_bg_image_size":"","ocean_post_title_height":0,"ocean_post_title_bg_overlay":0.5,"ocean_post_title_bg_overlay_color":"","ocean_disable_breadcrumbs":"default","ocean_breadcrumbs_color":"","ocean_breadcrumbs_separator_color":"","ocean_breadcrumbs_links_color":"","ocean_breadcrumbs_links_hover_color":"","ocean_display_footer_widgets":"default","ocean_display_footer_bottom":"default","ocean_custom_footer_template":"","ocean_post_oembed":"","ocean_post_self_hosted_media":"","ocean_post_video_embed":"","ocean_link_format":"","ocean_link_format_target":"self","ocean_quote_format":"","ocean_quote_format_link":"post","ocean_gallery_link_images":"on","ocean_gallery_id":[],"footnotes":""},"categories":[1],"tags":[],"class_list":["post-2127","post","type-post","status-publish","format-standard","has-post-thumbnail","hentry","category-allgemein","entry","has-media"],"featured_image_src":"https:\/\/smk-art.de\/art\/wp-content\/uploads\/2017\/05\/rest-or-run-mueller-koelmel-a-ansicht5-low.jpg","author_info":{"display_name":"Susanne M\u00fcller-K\u00f6lmel","author_link":"https:\/\/smk-art.de\/art\/author\/susanne\/"},"uagb_featured_image_src":{"full":["https:\/\/smk-art.de\/art\/wp-content\/uploads\/2017\/05\/rest-or-run-mueller-koelmel-a-ansicht5-low.jpg",960,720,false],"thumbnail":["https:\/\/smk-art.de\/art\/wp-content\/uploads\/2017\/05\/rest-or-run-mueller-koelmel-a-ansicht5-low-280x280.jpg",280,280,true],"medium":["https:\/\/smk-art.de\/art\/wp-content\/uploads\/2017\/05\/rest-or-run-mueller-koelmel-a-ansicht5-low-300x225.jpg",300,225,true],"medium_large":["https:\/\/smk-art.de\/art\/wp-content\/uploads\/2017\/05\/rest-or-run-mueller-koelmel-a-ansicht5-low-768x576.jpg",768,576,true],"large":["https:\/\/smk-art.de\/art\/wp-content\/uploads\/2017\/05\/rest-or-run-mueller-koelmel-a-ansicht5-low.jpg",960,720,false],"1536x1536":["https:\/\/smk-art.de\/art\/wp-content\/uploads\/2017\/05\/rest-or-run-mueller-koelmel-a-ansicht5-low.jpg",960,720,false],"2048x2048":["https:\/\/smk-art.de\/art\/wp-content\/uploads\/2017\/05\/rest-or-run-mueller-koelmel-a-ansicht5-low.jpg",960,720,false],"ocean-thumb-m":["https:\/\/smk-art.de\/art\/wp-content\/uploads\/2017\/05\/rest-or-run-mueller-koelmel-a-ansicht5-low.jpg",600,450,false],"ocean-thumb-ml":["https:\/\/smk-art.de\/art\/wp-content\/uploads\/2017\/05\/rest-or-run-mueller-koelmel-a-ansicht5-low.jpg",600,450,false],"ocean-thumb-l":["https:\/\/smk-art.de\/art\/wp-content\/uploads\/2017\/05\/rest-or-run-mueller-koelmel-a-ansicht5-low.jpg",933,700,false]},"uagb_author_info":{"display_name":"Susanne M\u00fcller-K\u00f6lmel","author_link":"https:\/\/smk-art.de\/art\/author\/susanne\/"},"uagb_comment_info":0,"uagb_excerpt":"\u201erest or run\u201c, unter diesem Titel pr\u00e4sentiert die in Solingen und D\u00fcsseldorf arbeitende K\u00fcnstlerin Susanne M\u00fcller-K\u00f6lmel eine ebenso vielschichtige wie spannende Ausstellung. \u00a0 Ruhen oder rennen, das ist die Frage. Wem aber wird sie gestellt? Sich selbst, uns, der Gesellschaft? Ihre Themen kreisen einerseits um aktuelle Geschehnisse, die sowohl privater, als auch gesellschaftlicher und politischer&hellip;","_links":{"self":[{"href":"https:\/\/smk-art.de\/art\/wp-json\/wp\/v2\/posts\/2127","targetHints":{"allow":["GET"]}}],"collection":[{"href":"https:\/\/smk-art.de\/art\/wp-json\/wp\/v2\/posts"}],"about":[{"href":"https:\/\/smk-art.de\/art\/wp-json\/wp\/v2\/types\/post"}],"author":[{"embeddable":true,"href":"https:\/\/smk-art.de\/art\/wp-json\/wp\/v2\/users\/2"}],"replies":[{"embeddable":true,"href":"https:\/\/smk-art.de\/art\/wp-json\/wp\/v2\/comments?post=2127"}],"version-history":[{"count":11,"href":"https:\/\/smk-art.de\/art\/wp-json\/wp\/v2\/posts\/2127\/revisions"}],"predecessor-version":[{"id":3860,"href":"https:\/\/smk-art.de\/art\/wp-json\/wp\/v2\/posts\/2127\/revisions\/3860"}],"wp:featuredmedia":[{"embeddable":true,"href":"https:\/\/smk-art.de\/art\/wp-json\/wp\/v2\/media\/2132"}],"wp:attachment":[{"href":"https:\/\/smk-art.de\/art\/wp-json\/wp\/v2\/media?parent=2127"}],"wp:term":[{"taxonomy":"category","embeddable":true,"href":"https:\/\/smk-art.de\/art\/wp-json\/wp\/v2\/categories?post=2127"},{"taxonomy":"post_tag","embeddable":true,"href":"https:\/\/smk-art.de\/art\/wp-json\/wp\/v2\/tags?post=2127"}],"curies":[{"name":"wp","href":"https:\/\/api.w.org\/{rel}","templated":true}]}}