{"id":2593,"date":"2018-02-14T12:36:06","date_gmt":"2018-02-14T10:36:06","guid":{"rendered":"https:\/\/smk-art.de\/art\/?p=2593"},"modified":"2021-02-24T19:26:26","modified_gmt":"2021-02-24T17:26:26","slug":"skosmos-strahlt-nicht-nur-in-der-nacht","status":"publish","type":"post","link":"https:\/\/smk-art.de\/art\/skosmos-strahlt-nicht-nur-in-der-nacht\/","title":{"rendered":"SKOSMOS"},"content":{"rendered":"<p>Der &#8222;Kosmos&#8220; der Solinger K\u00fcnstler e.V. reicht in ihrer Jahresausstellung 2018 weit \u00fcber das Kunstmuseum hinaus. Denn die K\u00fcnstler haben das Ausstellungshaus mit ihrem Stammsitz &#8211; Galerie SK im S\u00fcdpark verkn\u00fcpft &#8211; in vorm von \u00fcber 100 Plakaten, die auf der Trasse den Weg weisen.<\/p>\n<p>Der Kosmos der 21 an der Schau beteiligten K\u00fcnstler, das zeigen die rund 40 in der Ausstellung gezeigten Werke eindrucksvoll, ist vielf\u00e4ltig und vielseitig. &#8222;Die Qualit\u00e4t z\u00e4hlte bei der Auswahl.&#8220; G. SCH.-M. Die Malerin und SK-Chefin hat sp\u00fcrbar frischen Wind in die Gemeinschaft gebracht.(&#8230;) <em>Michael Tesch, Solinger Morgenpost, 10.2.2018<br \/>\n<\/em><\/p>\n<p><img loading=\"lazy\" decoding=\"async\" class=\"alignnone size-medium wp-image-2595\" src=\"https:\/\/smk-art.de\/art\/wp-content\/uploads\/2018\/02\/skosmos-vernissage-hin-und-weg-susanne-mueller-koelmel-l-300x221.jpg\" alt=\"\" width=\"300\" height=\"221\" srcset=\"https:\/\/smk-art.de\/art\/wp-content\/uploads\/2018\/02\/skosmos-vernissage-hin-und-weg-susanne-mueller-koelmel-l-300x221.jpg 300w, https:\/\/smk-art.de\/art\/wp-content\/uploads\/2018\/02\/skosmos-vernissage-hin-und-weg-susanne-mueller-koelmel-l-768x566.jpg 768w, https:\/\/smk-art.de\/art\/wp-content\/uploads\/2018\/02\/skosmos-vernissage-hin-und-weg-susanne-mueller-koelmel-l.jpg 960w\" sizes=\"auto, (max-width: 300px) 100vw, 300px\" \/><\/p>\n<p>DJ Klaus Fiehe legt bei der &#8222;Jahresschau SKosmos&#8220; der Solinger K\u00fcnstler e.V. im Kunstmuseum Solingen auf .\u00a0Vier Stunden lang begleitete er mit seinen berauschenden Kl\u00e4ngen die Ausstellungsbesucher bei ihrem Rundgang durch den Kunstkosmos und erweiterte so den Kunstgenuss um eine weitere Dimension. Ein gelungener Abend mit Wiederholungspotential.<\/p>\n<p><img loading=\"lazy\" decoding=\"async\" class=\"alignnone size-medium wp-image-2620\" src=\"https:\/\/smk-art.de\/art\/wp-content\/uploads\/2018\/02\/skosmos-abend-2018-smueller-koelmel-300x227.jpg\" alt=\"\" width=\"300\" height=\"227\" srcset=\"https:\/\/smk-art.de\/art\/wp-content\/uploads\/2018\/02\/skosmos-abend-2018-smueller-koelmel-300x227.jpg 300w, https:\/\/smk-art.de\/art\/wp-content\/uploads\/2018\/02\/skosmos-abend-2018-smueller-koelmel-768x582.jpg 768w, https:\/\/smk-art.de\/art\/wp-content\/uploads\/2018\/02\/skosmos-abend-2018-smueller-koelmel.jpg 960w\" sizes=\"auto, (max-width: 300px) 100vw, 300px\" \/><\/p>\n","protected":false},"excerpt":{"rendered":"<p>Der &#8222;Kosmos&#8220; der Solinger K\u00fcnstler e.V. reicht in ihrer Jahresausstellung 2018 weit \u00fcber das Kunstmuseum hinaus. Denn die K\u00fcnstler haben das Ausstellungshaus mit ihrem Stammsitz &#8211; Galerie SK im S\u00fcdpark verkn\u00fcpft &#8211; in vorm von \u00fcber 100 Plakaten, die auf der Trasse den Weg weisen. Der Kosmos der 21 an der Schau beteiligten K\u00fcnstler, das [&hellip;]<\/p>\n","protected":false},"author":2,"featured_media":2597,"comment_status":"closed","ping_status":"closed","sticky":false,"template":"","format":"standard","meta":{"_uag_custom_page_level_css":"","pgc_sgb_lightbox_settings":"","ocean_post_layout":"","ocean_both_sidebars_style":"","ocean_both_sidebars_content_width":0,"ocean_both_sidebars_sidebars_width":0,"ocean_sidebar":"","ocean_second_sidebar":"","ocean_disable_margins":"enable","ocean_add_body_class":"","ocean_shortcode_before_top_bar":"","ocean_shortcode_after_top_bar":"","ocean_shortcode_before_header":"","ocean_shortcode_after_header":"","ocean_has_shortcode":"","ocean_shortcode_after_title":"","ocean_shortcode_before_footer_widgets":"","ocean_shortcode_after_footer_widgets":"","ocean_shortcode_before_footer_bottom":"","ocean_shortcode_after_footer_bottom":"","ocean_display_top_bar":"default","ocean_display_header":"default","ocean_header_style":"","ocean_center_header_left_menu":"","ocean_custom_header_template":"","ocean_custom_logo":0,"ocean_custom_retina_logo":0,"ocean_custom_logo_max_width":0,"ocean_custom_logo_tablet_max_width":0,"ocean_custom_logo_mobile_max_width":0,"ocean_custom_logo_max_height":0,"ocean_custom_logo_tablet_max_height":0,"ocean_custom_logo_mobile_max_height":0,"ocean_header_custom_menu":"","ocean_menu_typo_font_family":"","ocean_menu_typo_font_subset":"","ocean_menu_typo_font_size":0,"ocean_menu_typo_font_size_tablet":0,"ocean_menu_typo_font_size_mobile":0,"ocean_menu_typo_font_size_unit":"px","ocean_menu_typo_font_weight":"","ocean_menu_typo_font_weight_tablet":"","ocean_menu_typo_font_weight_mobile":"","ocean_menu_typo_transform":"","ocean_menu_typo_transform_tablet":"","ocean_menu_typo_transform_mobile":"","ocean_menu_typo_line_height":0,"ocean_menu_typo_line_height_tablet":0,"ocean_menu_typo_line_height_mobile":0,"ocean_menu_typo_line_height_unit":"","ocean_menu_typo_spacing":0,"ocean_menu_typo_spacing_tablet":0,"ocean_menu_typo_spacing_mobile":0,"ocean_menu_typo_spacing_unit":"","ocean_menu_link_color":"","ocean_menu_link_color_hover":"","ocean_menu_link_color_active":"","ocean_menu_link_background":"","ocean_menu_link_hover_background":"","ocean_menu_link_active_background":"","ocean_menu_social_links_bg":"","ocean_menu_social_hover_links_bg":"","ocean_menu_social_links_color":"","ocean_menu_social_hover_links_color":"","ocean_disable_title":"default","ocean_disable_heading":"default","ocean_post_title":"","ocean_post_subheading":"","ocean_post_title_style":"","ocean_post_title_background_color":"","ocean_post_title_background":0,"ocean_post_title_bg_image_position":"","ocean_post_title_bg_image_attachment":"","ocean_post_title_bg_image_repeat":"","ocean_post_title_bg_image_size":"","ocean_post_title_height":0,"ocean_post_title_bg_overlay":0.5,"ocean_post_title_bg_overlay_color":"","ocean_disable_breadcrumbs":"default","ocean_breadcrumbs_color":"","ocean_breadcrumbs_separator_color":"","ocean_breadcrumbs_links_color":"","ocean_breadcrumbs_links_hover_color":"","ocean_display_footer_widgets":"default","ocean_display_footer_bottom":"default","ocean_custom_footer_template":"","ocean_post_oembed":"","ocean_post_self_hosted_media":"","ocean_post_video_embed":"","ocean_link_format":"","ocean_link_format_target":"self","ocean_quote_format":"","ocean_quote_format_link":"post","ocean_gallery_link_images":"on","ocean_gallery_id":[],"footnotes":""},"categories":[1],"tags":[],"class_list":["post-2593","post","type-post","status-publish","format-standard","has-post-thumbnail","hentry","category-allgemein","entry","has-media"],"featured_image_src":"https:\/\/smk-art.de\/art\/wp-content\/uploads\/2018\/02\/skosmos-vernissage-susanne-mueller-koelmel-l.jpg","author_info":{"display_name":"Susanne M\u00fcller-K\u00f6lmel","author_link":"https:\/\/smk-art.de\/art\/author\/susanne\/"},"uagb_featured_image_src":{"full":["https:\/\/smk-art.de\/art\/wp-content\/uploads\/2018\/02\/skosmos-vernissage-susanne-mueller-koelmel-l.jpg",871,960,false],"thumbnail":["https:\/\/smk-art.de\/art\/wp-content\/uploads\/2018\/02\/skosmos-vernissage-susanne-mueller-koelmel-l-280x280.jpg",280,280,true],"medium":["https:\/\/smk-art.de\/art\/wp-content\/uploads\/2018\/02\/skosmos-vernissage-susanne-mueller-koelmel-l-272x300.jpg",272,300,true],"medium_large":["https:\/\/smk-art.de\/art\/wp-content\/uploads\/2018\/02\/skosmos-vernissage-susanne-mueller-koelmel-l-768x846.jpg",768,846,true],"large":["https:\/\/smk-art.de\/art\/wp-content\/uploads\/2018\/02\/skosmos-vernissage-susanne-mueller-koelmel-l.jpg",871,960,false],"1536x1536":["https:\/\/smk-art.de\/art\/wp-content\/uploads\/2018\/02\/skosmos-vernissage-susanne-mueller-koelmel-l.jpg",871,960,false],"2048x2048":["https:\/\/smk-art.de\/art\/wp-content\/uploads\/2018\/02\/skosmos-vernissage-susanne-mueller-koelmel-l.jpg",871,960,false],"ocean-thumb-m":["https:\/\/smk-art.de\/art\/wp-content\/uploads\/2018\/02\/skosmos-vernissage-susanne-mueller-koelmel-l.jpg",544,600,false],"ocean-thumb-ml":["https:\/\/smk-art.de\/art\/wp-content\/uploads\/2018\/02\/skosmos-vernissage-susanne-mueller-koelmel-l.jpg",408,450,false],"ocean-thumb-l":["https:\/\/smk-art.de\/art\/wp-content\/uploads\/2018\/02\/skosmos-vernissage-susanne-mueller-koelmel-l.jpg",635,700,false]},"uagb_author_info":{"display_name":"Susanne M\u00fcller-K\u00f6lmel","author_link":"https:\/\/smk-art.de\/art\/author\/susanne\/"},"uagb_comment_info":0,"uagb_excerpt":"Der &#8222;Kosmos&#8220; der Solinger K\u00fcnstler e.V. reicht in ihrer Jahresausstellung 2018 weit \u00fcber das Kunstmuseum hinaus. Denn die K\u00fcnstler haben das Ausstellungshaus mit ihrem Stammsitz &#8211; Galerie SK im S\u00fcdpark verkn\u00fcpft &#8211; in vorm von \u00fcber 100 Plakaten, die auf der Trasse den Weg weisen. Der Kosmos der 21 an der Schau beteiligten K\u00fcnstler, das&hellip;","_links":{"self":[{"href":"https:\/\/smk-art.de\/art\/wp-json\/wp\/v2\/posts\/2593","targetHints":{"allow":["GET"]}}],"collection":[{"href":"https:\/\/smk-art.de\/art\/wp-json\/wp\/v2\/posts"}],"about":[{"href":"https:\/\/smk-art.de\/art\/wp-json\/wp\/v2\/types\/post"}],"author":[{"embeddable":true,"href":"https:\/\/smk-art.de\/art\/wp-json\/wp\/v2\/users\/2"}],"replies":[{"embeddable":true,"href":"https:\/\/smk-art.de\/art\/wp-json\/wp\/v2\/comments?post=2593"}],"version-history":[{"count":6,"href":"https:\/\/smk-art.de\/art\/wp-json\/wp\/v2\/posts\/2593\/revisions"}],"predecessor-version":[{"id":3854,"href":"https:\/\/smk-art.de\/art\/wp-json\/wp\/v2\/posts\/2593\/revisions\/3854"}],"wp:featuredmedia":[{"embeddable":true,"href":"https:\/\/smk-art.de\/art\/wp-json\/wp\/v2\/media\/2597"}],"wp:attachment":[{"href":"https:\/\/smk-art.de\/art\/wp-json\/wp\/v2\/media?parent=2593"}],"wp:term":[{"taxonomy":"category","embeddable":true,"href":"https:\/\/smk-art.de\/art\/wp-json\/wp\/v2\/categories?post=2593"},{"taxonomy":"post_tag","embeddable":true,"href":"https:\/\/smk-art.de\/art\/wp-json\/wp\/v2\/tags?post=2593"}],"curies":[{"name":"wp","href":"https:\/\/api.w.org\/{rel}","templated":true}]}}