{"id":2610,"date":"2018-02-26T15:05:56","date_gmt":"2018-02-26T13:05:56","guid":{"rendered":"https:\/\/smk-art.de\/art\/?p=2610"},"modified":"2018-04-23T18:20:27","modified_gmt":"2018-04-23T16:20:27","slug":"die-sk-nachwuchsfoerderung","status":"publish","type":"post","link":"https:\/\/smk-art.de\/art\/die-sk-nachwuchsfoerderung\/","title":{"rendered":"SK-Nachwuchsf\u00f6rderung&#8230;"},"content":{"rendered":"<p>&#8230;startet mit Studierenden der Bauhaus UNI WEIMAR.<\/p>\n<p>Im M\u00e4rz\u00a0 des Jahres 2017 stellte ich den ersten Kontakt zur Bauhaus Uni Weimar her.\u00a0 In der vergangenen Woche bekam ich die Anfrage und Einladung f\u00fcnf Projektpr\u00e4sentationen von zehn Studierenden der UNI Weimar\u00a0 anzuschauen und mit zu kuratieren.<\/p>\n<p>Dr.phil. Teresa Carasco Garcia, Fakult\u00e4t Kunst und Gestaltung, sowie Dipl.-Ing. Yvonne Graefe, Fakult\u00e4t Architektur &amp; Urbanistik, haben mit etwa 10 Studierenden zu dem Thema \u201eMit dem Ohr der Erinnerung &#8211; \u00dcber die Einflussnahme akustischer Ph\u00e4nomene auf die Raumwahrnehmung&#8220;\u00a0 gearbeitet. In der hochschul- und disziplin\u00fcbergreifenden Veranstaltungsreihe findet eine k\u00fcnstlerische Ann\u00e4herung an das Thema Diktaturen in Deutschland und Spanien statt. Es wurden Orte der diktatorischen Vergangenheit Spaniens und Deutschlands, gesucht und r\u00e4umlich wie akustisch erforscht.<\/p>\n<p>Ein Teil dieser Arbeiten wird im Sommer in der Galerie SK der Solinger K\u00fcnstler SK e.V. im Rahmen unsereres neuen Formates &#8222;SK-Nachwuchsf\u00f6rderung&#8220; zu h\u00f6ren und zu sehen sein.<\/p>\n<p>Ich freue mich sehr darauf.<\/p>\n<p><img loading=\"lazy\" decoding=\"async\" class=\"alignnone size-medium wp-image-2612\" src=\"https:\/\/smk-art.de\/art\/wp-content\/uploads\/2018\/02\/nachwuchsfoerderung-weimar-bauhaus-mueller-koelmel-2018-300x225.jpg\" alt=\"\" width=\"300\" height=\"225\" srcset=\"https:\/\/smk-art.de\/art\/wp-content\/uploads\/2018\/02\/nachwuchsfoerderung-weimar-bauhaus-mueller-koelmel-2018-300x225.jpg 300w, https:\/\/smk-art.de\/art\/wp-content\/uploads\/2018\/02\/nachwuchsfoerderung-weimar-bauhaus-mueller-koelmel-2018-768x576.jpg 768w, https:\/\/smk-art.de\/art\/wp-content\/uploads\/2018\/02\/nachwuchsfoerderung-weimar-bauhaus-mueller-koelmel-2018.jpg 960w\" sizes=\"auto, (max-width: 300px) 100vw, 300px\" \/>\u00a0 \u00a0 <img loading=\"lazy\" decoding=\"async\" class=\"alignnone size-medium wp-image-2614\" src=\"https:\/\/smk-art.de\/art\/wp-content\/uploads\/2018\/02\/weimar-bauhaus-seam-1-300x225.jpg\" alt=\"\" width=\"300\" height=\"225\" srcset=\"https:\/\/smk-art.de\/art\/wp-content\/uploads\/2018\/02\/weimar-bauhaus-seam-1-300x225.jpg 300w, https:\/\/smk-art.de\/art\/wp-content\/uploads\/2018\/02\/weimar-bauhaus-seam-1-768x576.jpg 768w, https:\/\/smk-art.de\/art\/wp-content\/uploads\/2018\/02\/weimar-bauhaus-seam-1.jpg 960w\" sizes=\"auto, (max-width: 300px) 100vw, 300px\" \/><\/p>\n<p>&nbsp;<\/p>\n<p>&nbsp;<\/p>\n","protected":false},"excerpt":{"rendered":"<p>&#8230;startet mit Studierenden der Bauhaus UNI WEIMAR. Im M\u00e4rz\u00a0 des Jahres 2017 stellte ich den ersten Kontakt zur Bauhaus Uni Weimar her.\u00a0 In der vergangenen Woche bekam ich die Anfrage und Einladung f\u00fcnf Projektpr\u00e4sentationen von zehn Studierenden der UNI Weimar\u00a0 anzuschauen und mit zu kuratieren. Dr.phil. Teresa Carasco Garcia, Fakult\u00e4t Kunst und Gestaltung, sowie Dipl.-Ing. [&hellip;]<\/p>\n","protected":false},"author":2,"featured_media":2670,"comment_status":"closed","ping_status":"closed","sticky":false,"template":"","format":"standard","meta":{"_uag_custom_page_level_css":"","pgc_sgb_lightbox_settings":"","ocean_post_layout":"","ocean_both_sidebars_style":"","ocean_both_sidebars_content_width":0,"ocean_both_sidebars_sidebars_width":0,"ocean_sidebar":"","ocean_second_sidebar":"","ocean_disable_margins":"enable","ocean_add_body_class":"","ocean_shortcode_before_top_bar":"","ocean_shortcode_after_top_bar":"","ocean_shortcode_before_header":"","ocean_shortcode_after_header":"","ocean_has_shortcode":"","ocean_shortcode_after_title":"","ocean_shortcode_before_footer_widgets":"","ocean_shortcode_after_footer_widgets":"","ocean_shortcode_before_footer_bottom":"","ocean_shortcode_after_footer_bottom":"","ocean_display_top_bar":"default","ocean_display_header":"default","ocean_header_style":"","ocean_center_header_left_menu":"","ocean_custom_header_template":"","ocean_custom_logo":0,"ocean_custom_retina_logo":0,"ocean_custom_logo_max_width":0,"ocean_custom_logo_tablet_max_width":0,"ocean_custom_logo_mobile_max_width":0,"ocean_custom_logo_max_height":0,"ocean_custom_logo_tablet_max_height":0,"ocean_custom_logo_mobile_max_height":0,"ocean_header_custom_menu":"","ocean_menu_typo_font_family":"","ocean_menu_typo_font_subset":"","ocean_menu_typo_font_size":0,"ocean_menu_typo_font_size_tablet":0,"ocean_menu_typo_font_size_mobile":0,"ocean_menu_typo_font_size_unit":"px","ocean_menu_typo_font_weight":"","ocean_menu_typo_font_weight_tablet":"","ocean_menu_typo_font_weight_mobile":"","ocean_menu_typo_transform":"","ocean_menu_typo_transform_tablet":"","ocean_menu_typo_transform_mobile":"","ocean_menu_typo_line_height":0,"ocean_menu_typo_line_height_tablet":0,"ocean_menu_typo_line_height_mobile":0,"ocean_menu_typo_line_height_unit":"","ocean_menu_typo_spacing":0,"ocean_menu_typo_spacing_tablet":0,"ocean_menu_typo_spacing_mobile":0,"ocean_menu_typo_spacing_unit":"","ocean_menu_link_color":"","ocean_menu_link_color_hover":"","ocean_menu_link_color_active":"","ocean_menu_link_background":"","ocean_menu_link_hover_background":"","ocean_menu_link_active_background":"","ocean_menu_social_links_bg":"","ocean_menu_social_hover_links_bg":"","ocean_menu_social_links_color":"","ocean_menu_social_hover_links_color":"","ocean_disable_title":"default","ocean_disable_heading":"default","ocean_post_title":"","ocean_post_subheading":"","ocean_post_title_style":"","ocean_post_title_background_color":"","ocean_post_title_background":0,"ocean_post_title_bg_image_position":"","ocean_post_title_bg_image_attachment":"","ocean_post_title_bg_image_repeat":"","ocean_post_title_bg_image_size":"","ocean_post_title_height":0,"ocean_post_title_bg_overlay":0.5,"ocean_post_title_bg_overlay_color":"","ocean_disable_breadcrumbs":"default","ocean_breadcrumbs_color":"","ocean_breadcrumbs_separator_color":"","ocean_breadcrumbs_links_color":"","ocean_breadcrumbs_links_hover_color":"","ocean_display_footer_widgets":"default","ocean_display_footer_bottom":"default","ocean_custom_footer_template":"","ocean_post_oembed":"","ocean_post_self_hosted_media":"","ocean_post_video_embed":"","ocean_link_format":"","ocean_link_format_target":"self","ocean_quote_format":"","ocean_quote_format_link":"post","ocean_gallery_link_images":"on","ocean_gallery_id":[],"footnotes":""},"categories":[1],"tags":[],"class_list":["post-2610","post","type-post","status-publish","format-standard","has-post-thumbnail","hentry","category-allgemein","entry","has-media"],"featured_image_src":"https:\/\/smk-art.de\/art\/wp-content\/uploads\/2018\/02\/bauhaus-uni-weomar-nachwuchs.jpg","author_info":{"display_name":"Susanne M\u00fcller-K\u00f6lmel","author_link":"https:\/\/smk-art.de\/art\/author\/susanne\/"},"uagb_featured_image_src":{"full":["https:\/\/smk-art.de\/art\/wp-content\/uploads\/2018\/02\/bauhaus-uni-weomar-nachwuchs.jpg",960,720,false],"thumbnail":["https:\/\/smk-art.de\/art\/wp-content\/uploads\/2018\/02\/bauhaus-uni-weomar-nachwuchs-280x280.jpg",280,280,true],"medium":["https:\/\/smk-art.de\/art\/wp-content\/uploads\/2018\/02\/bauhaus-uni-weomar-nachwuchs-300x225.jpg",300,225,true],"medium_large":["https:\/\/smk-art.de\/art\/wp-content\/uploads\/2018\/02\/bauhaus-uni-weomar-nachwuchs-768x576.jpg",768,576,true],"large":["https:\/\/smk-art.de\/art\/wp-content\/uploads\/2018\/02\/bauhaus-uni-weomar-nachwuchs.jpg",960,720,false],"1536x1536":["https:\/\/smk-art.de\/art\/wp-content\/uploads\/2018\/02\/bauhaus-uni-weomar-nachwuchs.jpg",960,720,false],"2048x2048":["https:\/\/smk-art.de\/art\/wp-content\/uploads\/2018\/02\/bauhaus-uni-weomar-nachwuchs.jpg",960,720,false],"ocean-thumb-m":["https:\/\/smk-art.de\/art\/wp-content\/uploads\/2018\/02\/bauhaus-uni-weomar-nachwuchs.jpg",600,450,false],"ocean-thumb-ml":["https:\/\/smk-art.de\/art\/wp-content\/uploads\/2018\/02\/bauhaus-uni-weomar-nachwuchs.jpg",600,450,false],"ocean-thumb-l":["https:\/\/smk-art.de\/art\/wp-content\/uploads\/2018\/02\/bauhaus-uni-weomar-nachwuchs.jpg",933,700,false]},"uagb_author_info":{"display_name":"Susanne M\u00fcller-K\u00f6lmel","author_link":"https:\/\/smk-art.de\/art\/author\/susanne\/"},"uagb_comment_info":0,"uagb_excerpt":"&#8230;startet mit Studierenden der Bauhaus UNI WEIMAR. Im M\u00e4rz\u00a0 des Jahres 2017 stellte ich den ersten Kontakt zur Bauhaus Uni Weimar her.\u00a0 In der vergangenen Woche bekam ich die Anfrage und Einladung f\u00fcnf Projektpr\u00e4sentationen von zehn Studierenden der UNI Weimar\u00a0 anzuschauen und mit zu kuratieren. Dr.phil. Teresa Carasco Garcia, Fakult\u00e4t Kunst und Gestaltung, sowie Dipl.-Ing.&hellip;","_links":{"self":[{"href":"https:\/\/smk-art.de\/art\/wp-json\/wp\/v2\/posts\/2610","targetHints":{"allow":["GET"]}}],"collection":[{"href":"https:\/\/smk-art.de\/art\/wp-json\/wp\/v2\/posts"}],"about":[{"href":"https:\/\/smk-art.de\/art\/wp-json\/wp\/v2\/types\/post"}],"author":[{"embeddable":true,"href":"https:\/\/smk-art.de\/art\/wp-json\/wp\/v2\/users\/2"}],"replies":[{"embeddable":true,"href":"https:\/\/smk-art.de\/art\/wp-json\/wp\/v2\/comments?post=2610"}],"version-history":[{"count":6,"href":"https:\/\/smk-art.de\/art\/wp-json\/wp\/v2\/posts\/2610\/revisions"}],"predecessor-version":[{"id":2694,"href":"https:\/\/smk-art.de\/art\/wp-json\/wp\/v2\/posts\/2610\/revisions\/2694"}],"wp:featuredmedia":[{"embeddable":true,"href":"https:\/\/smk-art.de\/art\/wp-json\/wp\/v2\/media\/2670"}],"wp:attachment":[{"href":"https:\/\/smk-art.de\/art\/wp-json\/wp\/v2\/media?parent=2610"}],"wp:term":[{"taxonomy":"category","embeddable":true,"href":"https:\/\/smk-art.de\/art\/wp-json\/wp\/v2\/categories?post=2610"},{"taxonomy":"post_tag","embeddable":true,"href":"https:\/\/smk-art.de\/art\/wp-json\/wp\/v2\/tags?post=2610"}],"curies":[{"name":"wp","href":"https:\/\/api.w.org\/{rel}","templated":true}]}}