{"id":2725,"date":"2018-08-16T09:48:40","date_gmt":"2018-08-16T07:48:40","guid":{"rendered":"https:\/\/smk-art.de\/art\/?p=2725"},"modified":"2021-05-29T10:42:34","modified_gmt":"2021-05-29T08:42:34","slug":"nochmals-besten-dank","status":"publish","type":"post","link":"https:\/\/smk-art.de\/art\/nochmals-besten-dank\/","title":{"rendered":"Bauhaus-Uni Weimar und der Universit\u00e4t Pompeu Fabra Barcelona"},"content":{"rendered":"<p>*Mit dem Ohr der Erinnerung &#8211; Studierende und Dozenten, der Bauhaus-Uni Weimar und der Universit\u00e4t Pompeu Fabra Barcelona, stellten im August 2018 in der Galerie SK aus. Seit diesem Jahr verst\u00e4rkt der Verein der Solinger K\u00fcnstler SK e.V. seine Nachwuchsf\u00f6rderung und bietet den Studierenden nationaler und internationaler Kunsthochschulen in der Galerie SK eimal j\u00e4hrlich eine Ausstellungsplattform.<\/p>\n<p><strong> <img loading=\"lazy\" decoding=\"async\" class=\"alignnone size-medium wp-image-2728\" src=\"https:\/\/smk-art.de\/art\/wp-content\/uploads\/2018\/08\/sk-nw-foerderung-su-teresa-copyright-susanne-mueller-koelmel-274x300.jpg\" alt=\"\" width=\"274\" height=\"300\" srcset=\"https:\/\/smk-art.de\/art\/wp-content\/uploads\/2018\/08\/sk-nw-foerderung-su-teresa-copyright-susanne-mueller-koelmel-274x300.jpg 274w, https:\/\/smk-art.de\/art\/wp-content\/uploads\/2018\/08\/sk-nw-foerderung-su-teresa-copyright-susanne-mueller-koelmel-768x842.jpg 768w, https:\/\/smk-art.de\/art\/wp-content\/uploads\/2018\/08\/sk-nw-foerderung-su-teresa-copyright-susanne-mueller-koelmel.jpg 876w\" sizes=\"auto, (max-width: 274px) 100vw, 274px\" \/>&nbsp; <img loading=\"lazy\" decoding=\"async\" class=\"alignnone size-medium wp-image-2727\" src=\"https:\/\/smk-art.de\/art\/wp-content\/uploads\/2018\/08\/sk-nw-foerderung-galerieansicht-copyright-susanne-mueller-koelmel-300x263.jpg\" alt=\"\" width=\"300\" height=\"263\"><br \/>\n<\/strong><\/p>\n","protected":false},"excerpt":{"rendered":"<p>*Mit dem Ohr der Erinnerung &#8211; Studierende und Dozenten, der Bauhaus-Uni Weimar und der Universit\u00e4t Pompeu Fabra Barcelona, stellten im August 2018 in der Galerie SK aus. Seit diesem Jahr verst\u00e4rkt der Verein der Solinger K\u00fcnstler SK e.V. seine Nachwuchsf\u00f6rderung und bietet den Studierenden nationaler und internationaler Kunsthochschulen in der Galerie SK eimal j\u00e4hrlich eine [&hellip;]<\/p>\n","protected":false},"author":2,"featured_media":2611,"comment_status":"closed","ping_status":"closed","sticky":false,"template":"","format":"standard","meta":{"_uag_custom_page_level_css":"","pgc_sgb_lightbox_settings":"","ocean_post_layout":"","ocean_both_sidebars_style":"","ocean_both_sidebars_content_width":0,"ocean_both_sidebars_sidebars_width":0,"ocean_sidebar":"0","ocean_second_sidebar":"0","ocean_disable_margins":"enable","ocean_add_body_class":"","ocean_shortcode_before_top_bar":"","ocean_shortcode_after_top_bar":"","ocean_shortcode_before_header":"","ocean_shortcode_after_header":"","ocean_has_shortcode":"","ocean_shortcode_after_title":"","ocean_shortcode_before_footer_widgets":"","ocean_shortcode_after_footer_widgets":"","ocean_shortcode_before_footer_bottom":"","ocean_shortcode_after_footer_bottom":"","ocean_display_top_bar":"default","ocean_display_header":"default","ocean_header_style":"","ocean_center_header_left_menu":"0","ocean_custom_header_template":"0","ocean_custom_logo":0,"ocean_custom_retina_logo":0,"ocean_custom_logo_max_width":0,"ocean_custom_logo_tablet_max_width":0,"ocean_custom_logo_mobile_max_width":0,"ocean_custom_logo_max_height":0,"ocean_custom_logo_tablet_max_height":0,"ocean_custom_logo_mobile_max_height":0,"ocean_header_custom_menu":"0","ocean_menu_typo_font_family":"0","ocean_menu_typo_font_subset":"","ocean_menu_typo_font_size":0,"ocean_menu_typo_font_size_tablet":0,"ocean_menu_typo_font_size_mobile":0,"ocean_menu_typo_font_size_unit":"px","ocean_menu_typo_font_weight":"","ocean_menu_typo_font_weight_tablet":"","ocean_menu_typo_font_weight_mobile":"","ocean_menu_typo_transform":"","ocean_menu_typo_transform_tablet":"","ocean_menu_typo_transform_mobile":"","ocean_menu_typo_line_height":0,"ocean_menu_typo_line_height_tablet":0,"ocean_menu_typo_line_height_mobile":0,"ocean_menu_typo_line_height_unit":"","ocean_menu_typo_spacing":0,"ocean_menu_typo_spacing_tablet":0,"ocean_menu_typo_spacing_mobile":0,"ocean_menu_typo_spacing_unit":"","ocean_menu_link_color":"","ocean_menu_link_color_hover":"","ocean_menu_link_color_active":"","ocean_menu_link_background":"","ocean_menu_link_hover_background":"","ocean_menu_link_active_background":"","ocean_menu_social_links_bg":"","ocean_menu_social_hover_links_bg":"","ocean_menu_social_links_color":"","ocean_menu_social_hover_links_color":"","ocean_disable_title":"default","ocean_disable_heading":"default","ocean_post_title":"","ocean_post_subheading":"","ocean_post_title_style":"","ocean_post_title_background_color":"","ocean_post_title_background":0,"ocean_post_title_bg_image_position":"","ocean_post_title_bg_image_attachment":"","ocean_post_title_bg_image_repeat":"","ocean_post_title_bg_image_size":"","ocean_post_title_height":0,"ocean_post_title_bg_overlay":0.5,"ocean_post_title_bg_overlay_color":"","ocean_disable_breadcrumbs":"default","ocean_breadcrumbs_color":"","ocean_breadcrumbs_separator_color":"","ocean_breadcrumbs_links_color":"","ocean_breadcrumbs_links_hover_color":"","ocean_display_footer_widgets":"default","ocean_display_footer_bottom":"default","ocean_custom_footer_template":"0","ocean_post_oembed":"","ocean_post_self_hosted_media":"","ocean_post_video_embed":"","ocean_link_format":"","ocean_link_format_target":"self","ocean_quote_format":"","ocean_quote_format_link":"post","ocean_gallery_link_images":"off","ocean_gallery_id":[],"footnotes":""},"categories":[1,3],"tags":[],"class_list":["post-2725","post","type-post","status-publish","format-standard","has-post-thumbnail","hentry","category-allgemein","category-blog","entry","has-media"],"featured_image_src":"https:\/\/smk-art.de\/art\/wp-content\/uploads\/2018\/02\/bauhaus-uni-2018-sk-nachwuchsfoerderung-susanne-mueller-koelmel.jpg","author_info":{"display_name":"Susanne M\u00fcller-K\u00f6lmel","author_link":"https:\/\/smk-art.de\/art\/author\/susanne\/"},"uagb_featured_image_src":{"full":["https:\/\/smk-art.de\/art\/wp-content\/uploads\/2018\/02\/bauhaus-uni-2018-sk-nachwuchsfoerderung-susanne-mueller-koelmel.jpg",720,960,false],"thumbnail":["https:\/\/smk-art.de\/art\/wp-content\/uploads\/2018\/02\/bauhaus-uni-2018-sk-nachwuchsfoerderung-susanne-mueller-koelmel-280x280.jpg",280,280,true],"medium":["https:\/\/smk-art.de\/art\/wp-content\/uploads\/2018\/02\/bauhaus-uni-2018-sk-nachwuchsfoerderung-susanne-mueller-koelmel-225x300.jpg",225,300,true],"medium_large":["https:\/\/smk-art.de\/art\/wp-content\/uploads\/2018\/02\/bauhaus-uni-2018-sk-nachwuchsfoerderung-susanne-mueller-koelmel.jpg",720,960,false],"large":["https:\/\/smk-art.de\/art\/wp-content\/uploads\/2018\/02\/bauhaus-uni-2018-sk-nachwuchsfoerderung-susanne-mueller-koelmel.jpg",720,960,false],"1536x1536":["https:\/\/smk-art.de\/art\/wp-content\/uploads\/2018\/02\/bauhaus-uni-2018-sk-nachwuchsfoerderung-susanne-mueller-koelmel.jpg",720,960,false],"2048x2048":["https:\/\/smk-art.de\/art\/wp-content\/uploads\/2018\/02\/bauhaus-uni-2018-sk-nachwuchsfoerderung-susanne-mueller-koelmel.jpg",720,960,false],"ocean-thumb-m":["https:\/\/smk-art.de\/art\/wp-content\/uploads\/2018\/02\/bauhaus-uni-2018-sk-nachwuchsfoerderung-susanne-mueller-koelmel.jpg",450,600,false],"ocean-thumb-ml":["https:\/\/smk-art.de\/art\/wp-content\/uploads\/2018\/02\/bauhaus-uni-2018-sk-nachwuchsfoerderung-susanne-mueller-koelmel.jpg",338,450,false],"ocean-thumb-l":["https:\/\/smk-art.de\/art\/wp-content\/uploads\/2018\/02\/bauhaus-uni-2018-sk-nachwuchsfoerderung-susanne-mueller-koelmel.jpg",525,700,false]},"uagb_author_info":{"display_name":"Susanne M\u00fcller-K\u00f6lmel","author_link":"https:\/\/smk-art.de\/art\/author\/susanne\/"},"uagb_comment_info":0,"uagb_excerpt":"*Mit dem Ohr der Erinnerung &#8211; Studierende und Dozenten, der Bauhaus-Uni Weimar und der Universit\u00e4t Pompeu Fabra Barcelona, stellten im August 2018 in der Galerie SK aus. Seit diesem Jahr verst\u00e4rkt der Verein der Solinger K\u00fcnstler SK e.V. seine Nachwuchsf\u00f6rderung und bietet den Studierenden nationaler und internationaler Kunsthochschulen in der Galerie SK eimal j\u00e4hrlich eine&hellip;","_links":{"self":[{"href":"https:\/\/smk-art.de\/art\/wp-json\/wp\/v2\/posts\/2725","targetHints":{"allow":["GET"]}}],"collection":[{"href":"https:\/\/smk-art.de\/art\/wp-json\/wp\/v2\/posts"}],"about":[{"href":"https:\/\/smk-art.de\/art\/wp-json\/wp\/v2\/types\/post"}],"author":[{"embeddable":true,"href":"https:\/\/smk-art.de\/art\/wp-json\/wp\/v2\/users\/2"}],"replies":[{"embeddable":true,"href":"https:\/\/smk-art.de\/art\/wp-json\/wp\/v2\/comments?post=2725"}],"version-history":[{"count":4,"href":"https:\/\/smk-art.de\/art\/wp-json\/wp\/v2\/posts\/2725\/revisions"}],"predecessor-version":[{"id":4994,"href":"https:\/\/smk-art.de\/art\/wp-json\/wp\/v2\/posts\/2725\/revisions\/4994"}],"wp:featuredmedia":[{"embeddable":true,"href":"https:\/\/smk-art.de\/art\/wp-json\/wp\/v2\/media\/2611"}],"wp:attachment":[{"href":"https:\/\/smk-art.de\/art\/wp-json\/wp\/v2\/media?parent=2725"}],"wp:term":[{"taxonomy":"category","embeddable":true,"href":"https:\/\/smk-art.de\/art\/wp-json\/wp\/v2\/categories?post=2725"},{"taxonomy":"post_tag","embeddable":true,"href":"https:\/\/smk-art.de\/art\/wp-json\/wp\/v2\/tags?post=2725"}],"curies":[{"name":"wp","href":"https:\/\/api.w.org\/{rel}","templated":true}]}}