{"id":3070,"date":"2019-05-27T15:40:03","date_gmt":"2019-05-27T13:40:03","guid":{"rendered":"https:\/\/smk-art.de\/art\/?p=3070"},"modified":"2019-05-27T15:41:41","modified_gmt":"2019-05-27T13:41:41","slug":"reset-3komma8-macht-station-in-solingen","status":"publish","type":"post","link":"https:\/\/smk-art.de\/art\/reset-3komma8-macht-station-in-solingen\/","title":{"rendered":"reset &#8211; 3Komma8 macht Station in Solingen"},"content":{"rendered":"\n<p>Die Ausstellung \u201ereset\u201c zeigt in der Galerie SK im S\u00fcdpark die Ergebnisse der  durch die intensive Arbeitsphase im ArToll Kunstlabor in Bedburg Hau  entstandenen Neusch\u00f6pfungen und Richtungs\u00e4nderungen der vier K\u00fcnstler*innen der Gruppe 3komma8: Kerstin M\u00fcller-Schiel,  Siegbert Altmiks, Susanne M\u00fcller-K\u00f6lmel und Detlef Funder haben sich die  Frage gestellt: Wie beeinflussen Zeit, Ort und Raum die k\u00fcnstlerische Arbeit? <\/p>\n\n\n\n<p>In der<em> Abgeschiedenheit des ArToll-Kunstlabors hat Susanne M\u00fcller-K\u00f6lmel im wahrsten Sinne des Wortes neue R\u00e4ume geschaffen: retreats, <\/em>leere R\u00e4ume in denen nicht nur die Dunkelheit, sondern auch das Licht eine Rolle spielt &#8211;&nbsp; <strong>settle down<\/strong> die St\u00fchle vor Ort, als Angebote sich nieder zulassen. Als Platzhalter, thematisieren diese Sitzgelegenheiten die Frage nach Verortung, Standpunkt und Stellung. In den hier gezeigten Arbeiten geht es um die Aspekte des Menschseins (menschlich sein), ohne Menschen zu zeigen. In dieser besonderen Situation der \u201eclausura\u201c verdichtet sich auch die seit knapp 10 Jahren kontinuierlich&nbsp; fortgesetzte Arbeit des <strong>memorial books<\/strong>. Das Thema der Erinnerung in Form von &#8222;Ent-Faltung\/Faltung&#8220; mit ihrer Vielschichtigkeit, impliziert sowohl &#8222;Ausbreitung und Ausdehnung&#8220;,&nbsp; als auch \u201eEnge und Verdichtung\u201c. Auch hier geht es um Stimmungen, Erinnerungen, um das Menschsein mit all seinen M\u00f6glichkeiten, Begrenzungen und Ausdehnungen.<\/p>\n\n\n\n<p><\/p>\n\n\n\n<p><br><\/p>\n","protected":false},"excerpt":{"rendered":"<p>Die Ausstellung \u201ereset\u201c zeigt in der Galerie SK im S\u00fcdpark die Ergebnisse der durch die intensive Arbeitsphase im ArToll Kunstlabor in Bedburg Hau entstandenen Neusch\u00f6pfungen und Richtungs\u00e4nderungen der vier K\u00fcnstler*innen der Gruppe 3komma8: Kerstin M\u00fcller-Schiel, Siegbert Altmiks, Susanne M\u00fcller-K\u00f6lmel und Detlef Funder haben sich die Frage gestellt: Wie beeinflussen Zeit, Ort und Raum die k\u00fcnstlerische [&hellip;]<\/p>\n","protected":false},"author":2,"featured_media":3072,"comment_status":"closed","ping_status":"closed","sticky":false,"template":"","format":"standard","meta":{"_uag_custom_page_level_css":"","pgc_sgb_lightbox_settings":"","ocean_post_layout":"","ocean_both_sidebars_style":"","ocean_both_sidebars_content_width":0,"ocean_both_sidebars_sidebars_width":0,"ocean_sidebar":"","ocean_second_sidebar":"","ocean_disable_margins":"enable","ocean_add_body_class":"","ocean_shortcode_before_top_bar":"","ocean_shortcode_after_top_bar":"","ocean_shortcode_before_header":"","ocean_shortcode_after_header":"","ocean_has_shortcode":"","ocean_shortcode_after_title":"","ocean_shortcode_before_footer_widgets":"","ocean_shortcode_after_footer_widgets":"","ocean_shortcode_before_footer_bottom":"","ocean_shortcode_after_footer_bottom":"","ocean_display_top_bar":"default","ocean_display_header":"default","ocean_header_style":"","ocean_center_header_left_menu":"","ocean_custom_header_template":"","ocean_custom_logo":0,"ocean_custom_retina_logo":0,"ocean_custom_logo_max_width":0,"ocean_custom_logo_tablet_max_width":0,"ocean_custom_logo_mobile_max_width":0,"ocean_custom_logo_max_height":0,"ocean_custom_logo_tablet_max_height":0,"ocean_custom_logo_mobile_max_height":0,"ocean_header_custom_menu":"","ocean_menu_typo_font_family":"","ocean_menu_typo_font_subset":"","ocean_menu_typo_font_size":0,"ocean_menu_typo_font_size_tablet":0,"ocean_menu_typo_font_size_mobile":0,"ocean_menu_typo_font_size_unit":"px","ocean_menu_typo_font_weight":"","ocean_menu_typo_font_weight_tablet":"","ocean_menu_typo_font_weight_mobile":"","ocean_menu_typo_transform":"","ocean_menu_typo_transform_tablet":"","ocean_menu_typo_transform_mobile":"","ocean_menu_typo_line_height":0,"ocean_menu_typo_line_height_tablet":0,"ocean_menu_typo_line_height_mobile":0,"ocean_menu_typo_line_height_unit":"","ocean_menu_typo_spacing":0,"ocean_menu_typo_spacing_tablet":0,"ocean_menu_typo_spacing_mobile":0,"ocean_menu_typo_spacing_unit":"","ocean_menu_link_color":"","ocean_menu_link_color_hover":"","ocean_menu_link_color_active":"","ocean_menu_link_background":"","ocean_menu_link_hover_background":"","ocean_menu_link_active_background":"","ocean_menu_social_links_bg":"","ocean_menu_social_hover_links_bg":"","ocean_menu_social_links_color":"","ocean_menu_social_hover_links_color":"","ocean_disable_title":"default","ocean_disable_heading":"default","ocean_post_title":"","ocean_post_subheading":"","ocean_post_title_style":"","ocean_post_title_background_color":"","ocean_post_title_background":0,"ocean_post_title_bg_image_position":"","ocean_post_title_bg_image_attachment":"","ocean_post_title_bg_image_repeat":"","ocean_post_title_bg_image_size":"","ocean_post_title_height":0,"ocean_post_title_bg_overlay":0.5,"ocean_post_title_bg_overlay_color":"","ocean_disable_breadcrumbs":"default","ocean_breadcrumbs_color":"","ocean_breadcrumbs_separator_color":"","ocean_breadcrumbs_links_color":"","ocean_breadcrumbs_links_hover_color":"","ocean_display_footer_widgets":"default","ocean_display_footer_bottom":"default","ocean_custom_footer_template":"","ocean_post_oembed":"","ocean_post_self_hosted_media":"","ocean_post_video_embed":"","ocean_link_format":"","ocean_link_format_target":"self","ocean_quote_format":"","ocean_quote_format_link":"post","ocean_gallery_link_images":"on","ocean_gallery_id":[],"footnotes":""},"categories":[1],"tags":[],"class_list":["post-3070","post","type-post","status-publish","format-standard","has-post-thumbnail","hentry","category-allgemein","entry","has-media"],"featured_image_src":"https:\/\/smk-art.de\/art\/wp-content\/uploads\/2019\/05\/reset-susanne-mueller-koelmel-vernissage-s.jpg","author_info":{"display_name":"Susanne M\u00fcller-K\u00f6lmel","author_link":"https:\/\/smk-art.de\/art\/author\/susanne\/"},"uagb_featured_image_src":{"full":["https:\/\/smk-art.de\/art\/wp-content\/uploads\/2019\/05\/reset-susanne-mueller-koelmel-vernissage-s.jpg",960,960,false],"thumbnail":["https:\/\/smk-art.de\/art\/wp-content\/uploads\/2019\/05\/reset-susanne-mueller-koelmel-vernissage-s-280x280.jpg",280,280,true],"medium":["https:\/\/smk-art.de\/art\/wp-content\/uploads\/2019\/05\/reset-susanne-mueller-koelmel-vernissage-s-300x300.jpg",300,300,true],"medium_large":["https:\/\/smk-art.de\/art\/wp-content\/uploads\/2019\/05\/reset-susanne-mueller-koelmel-vernissage-s-768x768.jpg",768,768,true],"large":["https:\/\/smk-art.de\/art\/wp-content\/uploads\/2019\/05\/reset-susanne-mueller-koelmel-vernissage-s.jpg",960,960,false],"1536x1536":["https:\/\/smk-art.de\/art\/wp-content\/uploads\/2019\/05\/reset-susanne-mueller-koelmel-vernissage-s.jpg",960,960,false],"2048x2048":["https:\/\/smk-art.de\/art\/wp-content\/uploads\/2019\/05\/reset-susanne-mueller-koelmel-vernissage-s.jpg",960,960,false],"ocean-thumb-m":["https:\/\/smk-art.de\/art\/wp-content\/uploads\/2019\/05\/reset-susanne-mueller-koelmel-vernissage-s.jpg",600,600,false],"ocean-thumb-ml":["https:\/\/smk-art.de\/art\/wp-content\/uploads\/2019\/05\/reset-susanne-mueller-koelmel-vernissage-s.jpg",450,450,false],"ocean-thumb-l":["https:\/\/smk-art.de\/art\/wp-content\/uploads\/2019\/05\/reset-susanne-mueller-koelmel-vernissage-s.jpg",700,700,false]},"uagb_author_info":{"display_name":"Susanne M\u00fcller-K\u00f6lmel","author_link":"https:\/\/smk-art.de\/art\/author\/susanne\/"},"uagb_comment_info":0,"uagb_excerpt":"Die Ausstellung \u201ereset\u201c zeigt in der Galerie SK im S\u00fcdpark die Ergebnisse der durch die intensive Arbeitsphase im ArToll Kunstlabor in Bedburg Hau entstandenen Neusch\u00f6pfungen und Richtungs\u00e4nderungen der vier K\u00fcnstler*innen der Gruppe 3komma8: Kerstin M\u00fcller-Schiel, Siegbert Altmiks, Susanne M\u00fcller-K\u00f6lmel und Detlef Funder haben sich die Frage gestellt: Wie beeinflussen Zeit, Ort und Raum die k\u00fcnstlerische&hellip;","_links":{"self":[{"href":"https:\/\/smk-art.de\/art\/wp-json\/wp\/v2\/posts\/3070","targetHints":{"allow":["GET"]}}],"collection":[{"href":"https:\/\/smk-art.de\/art\/wp-json\/wp\/v2\/posts"}],"about":[{"href":"https:\/\/smk-art.de\/art\/wp-json\/wp\/v2\/types\/post"}],"author":[{"embeddable":true,"href":"https:\/\/smk-art.de\/art\/wp-json\/wp\/v2\/users\/2"}],"replies":[{"embeddable":true,"href":"https:\/\/smk-art.de\/art\/wp-json\/wp\/v2\/comments?post=3070"}],"version-history":[{"count":2,"href":"https:\/\/smk-art.de\/art\/wp-json\/wp\/v2\/posts\/3070\/revisions"}],"predecessor-version":[{"id":3073,"href":"https:\/\/smk-art.de\/art\/wp-json\/wp\/v2\/posts\/3070\/revisions\/3073"}],"wp:featuredmedia":[{"embeddable":true,"href":"https:\/\/smk-art.de\/art\/wp-json\/wp\/v2\/media\/3072"}],"wp:attachment":[{"href":"https:\/\/smk-art.de\/art\/wp-json\/wp\/v2\/media?parent=3070"}],"wp:term":[{"taxonomy":"category","embeddable":true,"href":"https:\/\/smk-art.de\/art\/wp-json\/wp\/v2\/categories?post=3070"},{"taxonomy":"post_tag","embeddable":true,"href":"https:\/\/smk-art.de\/art\/wp-json\/wp\/v2\/tags?post=3070"}],"curies":[{"name":"wp","href":"https:\/\/api.w.org\/{rel}","templated":true}]}}