{"id":3746,"date":"2021-02-02T17:10:38","date_gmt":"2021-02-02T15:10:38","guid":{"rendered":"https:\/\/smk-art.de\/art\/?p=3746"},"modified":"2021-02-13T19:05:22","modified_gmt":"2021-02-13T17:05:22","slug":"regio17-locatie-62-vorden","status":"publish","type":"post","link":"https:\/\/smk-art.de\/art\/regio17-locatie-62-vorden\/","title":{"rendered":"Regio17-Locatie 62-Vorden"},"content":{"rendered":"\n<p>Im Rahmen von <strong><strong>Beelden op de Kaart | 11. 11.2020 \u2013 20.3. 2021<\/strong><\/strong> setze ich mich mit unterschiedlichen, mir zun\u00e4chst fremden Orten auseinander. In der Besch\u00e4ftigung mit dem Ort Vorden in Gelderland begegnen mir neben traurigen Zeitdokumenten aus dem zweiten Weltkrieg, besondere Orte und zahlreiche Geschichten die mit Vorden verkn\u00fcpft sind. &nbsp;Die Rieseneiche (Reuzeneik), die Landschaftsbilder des K\u00fcnstlers J.Bilders, das Kasteel Vorden und \u201eder Pieterpad\u201c, der die vielen Orte miteinander verbindet. <strong>An dem Pieterpad geht kein Weg vorbei<\/strong>, wie ein Pilgerweg, der einen zur Besinnung bringt, wenn man sich auf den Weg macht. Wandert man von Norden nach S\u00fcden durch die Niederlande landet man am Ende von Etappe 13 in Vorden.<\/p>\n\n\n\n<figure class=\"wp-block-image size-large\"><img loading=\"lazy\" decoding=\"async\" width=\"1024\" height=\"205\" src=\"https:\/\/smk-art.de\/art\/wp-content\/uploads\/2021\/02\/regio17-locatie62-bilderreihe-susanne-mueller-koelmel-1024x205.jpg\" alt=\"\" class=\"wp-image-3754\" srcset=\"https:\/\/smk-art.de\/art\/wp-content\/uploads\/2021\/02\/regio17-locatie62-bilderreihe-susanne-mueller-koelmel-1024x205.jpg 1024w, https:\/\/smk-art.de\/art\/wp-content\/uploads\/2021\/02\/regio17-locatie62-bilderreihe-susanne-mueller-koelmel-300x60.jpg 300w, https:\/\/smk-art.de\/art\/wp-content\/uploads\/2021\/02\/regio17-locatie62-bilderreihe-susanne-mueller-koelmel-768x154.jpg 768w, https:\/\/smk-art.de\/art\/wp-content\/uploads\/2021\/02\/regio17-locatie62-bilderreihe-susanne-mueller-koelmel-1536x307.jpg 1536w, https:\/\/smk-art.de\/art\/wp-content\/uploads\/2021\/02\/regio17-locatie62-bilderreihe-susanne-mueller-koelmel-2048x410.jpg 2048w\" sizes=\"auto, (max-width: 1024px) 100vw, 1024px\" \/><\/figure>\n\n\n\n<p>Meine Gedanken, meine Assoziationen wandern hin und her zwischen Zeitgeschehen und Historie.&nbsp;<br>Sich einem fremden Ort digital ann\u00e4hern ist wie wandern zwischen Kopf und Bauch.<\/p>\n\n\n\n<figure class=\"wp-block-image size-large\"><img loading=\"lazy\" decoding=\"async\" width=\"960\" height=\"538\" src=\"https:\/\/smk-art.de\/art\/wp-content\/uploads\/2021\/02\/regio-17-lokatie62-greed-and-feed-die-goldene-gans-toos-bertjegeister-kasteel-vorden.jpg\" alt=\"\" class=\"wp-image-3752\" srcset=\"https:\/\/smk-art.de\/art\/wp-content\/uploads\/2021\/02\/regio-17-lokatie62-greed-and-feed-die-goldene-gans-toos-bertjegeister-kasteel-vorden.jpg 960w, https:\/\/smk-art.de\/art\/wp-content\/uploads\/2021\/02\/regio-17-lokatie62-greed-and-feed-die-goldene-gans-toos-bertjegeister-kasteel-vorden-300x168.jpg 300w, https:\/\/smk-art.de\/art\/wp-content\/uploads\/2021\/02\/regio-17-lokatie62-greed-and-feed-die-goldene-gans-toos-bertjegeister-kasteel-vorden-768x430.jpg 768w\" sizes=\"auto, (max-width: 960px) 100vw, 960px\" \/><\/figure>\n\n\n\n<p>Vorden mit seinem Schloss erscheint mir wie ein magischer Ort und genau richtig f\u00fcr meine <a href=\"http:\/\/kunstinmillingen.nl\/susanne-muller-kolmel\/\" target=\"_blank\" rel=\"noreferrer noopener\">Installation aus der Serie&nbsp;<strong>\u2018greed and feed \u2013 die goldene Gans und Jorinde<\/strong>\u2018<\/a>. Diese (digitale) Installation&nbsp;bezieht sich auf permanent ver\u00e4ndertes Zeitgeschehen und ist selbst wandelbar in Art und Anzahl der Zusammensetzung.&nbsp;<\/p>\n\n\n\n<p>Susanne M\u00fcller-K\u00f6lmel ist interdisziplin\u00e4r unterwegs. Sie greift zu Metaphern und verkn\u00fcpft reale und imagin\u00e4re Geschehensebenen. Die vielgestaltige Bildpraxis mit einer F\u00fclle von Gegenst\u00e4ndlichem ist eingebunden in neue Zusammenh\u00e4nge \u2013 Malerei, Zeichnung, Skulptur\u2026<\/p>\n","protected":false},"excerpt":{"rendered":"<p>Im Rahmen von Beelden op de Kaart | 11. 11.2020 \u2013 20.3. 2021 setze ich mich mit unterschiedlichen, mir zun\u00e4chst fremden Orten auseinander. In der Besch\u00e4ftigung mit dem Ort Vorden in Gelderland begegnen mir neben traurigen Zeitdokumenten aus dem zweiten Weltkrieg, besondere Orte und zahlreiche Geschichten die mit Vorden verkn\u00fcpft sind. &nbsp;Die Rieseneiche (Reuzeneik), die [&hellip;]<\/p>\n","protected":false},"author":2,"featured_media":3752,"comment_status":"closed","ping_status":"closed","sticky":false,"template":"","format":"standard","meta":{"_uag_custom_page_level_css":"","pgc_sgb_lightbox_settings":"","ocean_post_layout":"","ocean_both_sidebars_style":"","ocean_both_sidebars_content_width":0,"ocean_both_sidebars_sidebars_width":0,"ocean_sidebar":"","ocean_second_sidebar":"","ocean_disable_margins":"enable","ocean_add_body_class":"","ocean_shortcode_before_top_bar":"","ocean_shortcode_after_top_bar":"","ocean_shortcode_before_header":"","ocean_shortcode_after_header":"","ocean_has_shortcode":"","ocean_shortcode_after_title":"","ocean_shortcode_before_footer_widgets":"","ocean_shortcode_after_footer_widgets":"","ocean_shortcode_before_footer_bottom":"","ocean_shortcode_after_footer_bottom":"","ocean_display_top_bar":"default","ocean_display_header":"default","ocean_header_style":"","ocean_center_header_left_menu":"","ocean_custom_header_template":"","ocean_custom_logo":0,"ocean_custom_retina_logo":0,"ocean_custom_logo_max_width":0,"ocean_custom_logo_tablet_max_width":0,"ocean_custom_logo_mobile_max_width":0,"ocean_custom_logo_max_height":0,"ocean_custom_logo_tablet_max_height":0,"ocean_custom_logo_mobile_max_height":0,"ocean_header_custom_menu":"","ocean_menu_typo_font_family":"","ocean_menu_typo_font_subset":"","ocean_menu_typo_font_size":0,"ocean_menu_typo_font_size_tablet":0,"ocean_menu_typo_font_size_mobile":0,"ocean_menu_typo_font_size_unit":"px","ocean_menu_typo_font_weight":"","ocean_menu_typo_font_weight_tablet":"","ocean_menu_typo_font_weight_mobile":"","ocean_menu_typo_transform":"","ocean_menu_typo_transform_tablet":"","ocean_menu_typo_transform_mobile":"","ocean_menu_typo_line_height":0,"ocean_menu_typo_line_height_tablet":0,"ocean_menu_typo_line_height_mobile":0,"ocean_menu_typo_line_height_unit":"","ocean_menu_typo_spacing":0,"ocean_menu_typo_spacing_tablet":0,"ocean_menu_typo_spacing_mobile":0,"ocean_menu_typo_spacing_unit":"","ocean_menu_link_color":"","ocean_menu_link_color_hover":"","ocean_menu_link_color_active":"","ocean_menu_link_background":"","ocean_menu_link_hover_background":"","ocean_menu_link_active_background":"","ocean_menu_social_links_bg":"","ocean_menu_social_hover_links_bg":"","ocean_menu_social_links_color":"","ocean_menu_social_hover_links_color":"","ocean_disable_title":"default","ocean_disable_heading":"default","ocean_post_title":"","ocean_post_subheading":"","ocean_post_title_style":"","ocean_post_title_background_color":"","ocean_post_title_background":0,"ocean_post_title_bg_image_position":"","ocean_post_title_bg_image_attachment":"","ocean_post_title_bg_image_repeat":"","ocean_post_title_bg_image_size":"","ocean_post_title_height":0,"ocean_post_title_bg_overlay":0.5,"ocean_post_title_bg_overlay_color":"","ocean_disable_breadcrumbs":"default","ocean_breadcrumbs_color":"","ocean_breadcrumbs_separator_color":"","ocean_breadcrumbs_links_color":"","ocean_breadcrumbs_links_hover_color":"","ocean_display_footer_widgets":"default","ocean_display_footer_bottom":"default","ocean_custom_footer_template":"","ocean_post_oembed":"","ocean_post_self_hosted_media":"","ocean_post_video_embed":"","ocean_link_format":"","ocean_link_format_target":"self","ocean_quote_format":"","ocean_quote_format_link":"post","ocean_gallery_link_images":"on","ocean_gallery_id":[],"footnotes":""},"categories":[1],"tags":[],"class_list":["post-3746","post","type-post","status-publish","format-standard","has-post-thumbnail","hentry","category-allgemein","entry","has-media"],"featured_image_src":"https:\/\/smk-art.de\/art\/wp-content\/uploads\/2021\/02\/regio-17-lokatie62-greed-and-feed-die-goldene-gans-toos-bertjegeister-kasteel-vorden.jpg","author_info":{"display_name":"Susanne M\u00fcller-K\u00f6lmel","author_link":"https:\/\/smk-art.de\/art\/author\/susanne\/"},"uagb_featured_image_src":{"full":["https:\/\/smk-art.de\/art\/wp-content\/uploads\/2021\/02\/regio-17-lokatie62-greed-and-feed-die-goldene-gans-toos-bertjegeister-kasteel-vorden.jpg",960,538,false],"thumbnail":["https:\/\/smk-art.de\/art\/wp-content\/uploads\/2021\/02\/regio-17-lokatie62-greed-and-feed-die-goldene-gans-toos-bertjegeister-kasteel-vorden-280x280.jpg",280,280,true],"medium":["https:\/\/smk-art.de\/art\/wp-content\/uploads\/2021\/02\/regio-17-lokatie62-greed-and-feed-die-goldene-gans-toos-bertjegeister-kasteel-vorden-300x168.jpg",300,168,true],"medium_large":["https:\/\/smk-art.de\/art\/wp-content\/uploads\/2021\/02\/regio-17-lokatie62-greed-and-feed-die-goldene-gans-toos-bertjegeister-kasteel-vorden-768x430.jpg",768,430,true],"large":["https:\/\/smk-art.de\/art\/wp-content\/uploads\/2021\/02\/regio-17-lokatie62-greed-and-feed-die-goldene-gans-toos-bertjegeister-kasteel-vorden.jpg",960,538,false],"1536x1536":["https:\/\/smk-art.de\/art\/wp-content\/uploads\/2021\/02\/regio-17-lokatie62-greed-and-feed-die-goldene-gans-toos-bertjegeister-kasteel-vorden.jpg",960,538,false],"2048x2048":["https:\/\/smk-art.de\/art\/wp-content\/uploads\/2021\/02\/regio-17-lokatie62-greed-and-feed-die-goldene-gans-toos-bertjegeister-kasteel-vorden.jpg",960,538,false],"ocean-thumb-m":["https:\/\/smk-art.de\/art\/wp-content\/uploads\/2021\/02\/regio-17-lokatie62-greed-and-feed-die-goldene-gans-toos-bertjegeister-kasteel-vorden.jpg",600,336,false],"ocean-thumb-ml":["https:\/\/smk-art.de\/art\/wp-content\/uploads\/2021\/02\/regio-17-lokatie62-greed-and-feed-die-goldene-gans-toos-bertjegeister-kasteel-vorden.jpg",800,448,false],"ocean-thumb-l":["https:\/\/smk-art.de\/art\/wp-content\/uploads\/2021\/02\/regio-17-lokatie62-greed-and-feed-die-goldene-gans-toos-bertjegeister-kasteel-vorden.jpg",960,538,false]},"uagb_author_info":{"display_name":"Susanne M\u00fcller-K\u00f6lmel","author_link":"https:\/\/smk-art.de\/art\/author\/susanne\/"},"uagb_comment_info":0,"uagb_excerpt":"Im Rahmen von Beelden op de Kaart | 11. 11.2020 \u2013 20.3. 2021 setze ich mich mit unterschiedlichen, mir zun\u00e4chst fremden Orten auseinander. In der Besch\u00e4ftigung mit dem Ort Vorden in Gelderland begegnen mir neben traurigen Zeitdokumenten aus dem zweiten Weltkrieg, besondere Orte und zahlreiche Geschichten die mit Vorden verkn\u00fcpft sind. &nbsp;Die Rieseneiche (Reuzeneik), die&hellip;","_links":{"self":[{"href":"https:\/\/smk-art.de\/art\/wp-json\/wp\/v2\/posts\/3746","targetHints":{"allow":["GET"]}}],"collection":[{"href":"https:\/\/smk-art.de\/art\/wp-json\/wp\/v2\/posts"}],"about":[{"href":"https:\/\/smk-art.de\/art\/wp-json\/wp\/v2\/types\/post"}],"author":[{"embeddable":true,"href":"https:\/\/smk-art.de\/art\/wp-json\/wp\/v2\/users\/2"}],"replies":[{"embeddable":true,"href":"https:\/\/smk-art.de\/art\/wp-json\/wp\/v2\/comments?post=3746"}],"version-history":[{"count":6,"href":"https:\/\/smk-art.de\/art\/wp-json\/wp\/v2\/posts\/3746\/revisions"}],"predecessor-version":[{"id":3756,"href":"https:\/\/smk-art.de\/art\/wp-json\/wp\/v2\/posts\/3746\/revisions\/3756"}],"wp:featuredmedia":[{"embeddable":true,"href":"https:\/\/smk-art.de\/art\/wp-json\/wp\/v2\/media\/3752"}],"wp:attachment":[{"href":"https:\/\/smk-art.de\/art\/wp-json\/wp\/v2\/media?parent=3746"}],"wp:term":[{"taxonomy":"category","embeddable":true,"href":"https:\/\/smk-art.de\/art\/wp-json\/wp\/v2\/categories?post=3746"},{"taxonomy":"post_tag","embeddable":true,"href":"https:\/\/smk-art.de\/art\/wp-json\/wp\/v2\/tags?post=3746"}],"curies":[{"name":"wp","href":"https:\/\/api.w.org\/{rel}","templated":true}]}}