{"id":5326,"date":"2021-09-27T11:05:38","date_gmt":"2021-09-27T09:05:38","guid":{"rendered":"https:\/\/smk-art.de\/art\/?p=5326"},"modified":"2023-02-25T16:35:21","modified_gmt":"2023-02-25T14:35:21","slug":"konvergenz-window-21-spirit","status":"publish","type":"post","link":"https:\/\/smk-art.de\/art\/konvergenz-window-21-spirit\/","title":{"rendered":"KONVERGENZ -window 21 | &#8222;spirit&#8220;"},"content":{"rendered":"\n<p>Das Projekt&nbsp;<a rel=\"noreferrer noopener\" href=\"https:\/\/madekonvergenz.jimdofree.com\/\" target=\"_blank\">KONVERGENZ<\/a>&nbsp;ist eine Initiative marokkanischer und deutscher K\u00fcnstler:innen.Vertreten wird das Projekt in Marokko durch die K\u00fcnstlergruppe \u201aCham\u00e4leon\u2018 und in Deutschland durch die K\u00fcnstlergruppe \u201afour+\u2018.<\/p>\n\n\n\n<p>F\u00fcr dieses 2. Projekt &#8222;Window21&#8220; werden jeweils 5 deutsche und 5 marokkanische K\u00fcnstler*innen sich auf den Weg machen, um sich im interkulturellen Raum &#8218;Marokko\/Deutschland&#8216; umzuschauen, Eindr\u00fccke, Visionen, Fragen und Betrachtungsweisen zu entdecken und offen zu legen. &nbsp;<\/p>\n\n\n\n<p>&#8222;Spirit &#8211; time is slipping into the moment&#8220;:  In ihrem Beitrag verwendet die K\u00fcnstlerin Susanne M\u00fcller-K\u00f6lmel Momentaufnahmen ihres Aufenthaltes in Marokko aus dem Jahr 2019. Sie nutzt freeze frames&nbsp;&nbsp;typischer Muster\/pattern des marokkanischen Kulturkreises sowie Standbilder aus ihrem t\u00e4glichen Umfeld des europ\u00e4ischen Kulturkreises und deckt mittels transparenter \u00dcberlagerungen in bewegten Bildern atmosh\u00e4rische Eindr\u00fccke auf, die Ihr pers\u00f6nliches Erleben wieder spiegeln.<\/p>\n","protected":false},"excerpt":{"rendered":"<p>Das Projekt&nbsp;KONVERGENZ&nbsp;ist eine Initiative marokkanischer und deutscher K\u00fcnstler:innen.Vertreten wird das Projekt in Marokko durch die K\u00fcnstlergruppe \u201aCham\u00e4leon\u2018 und in Deutschland durch die K\u00fcnstlergruppe \u201afour+\u2018. F\u00fcr dieses 2. Projekt &#8222;Window21&#8220; werden jeweils 5 deutsche und 5 marokkanische K\u00fcnstler*innen sich auf den Weg machen, um sich im interkulturellen Raum &#8218;Marokko\/Deutschland&#8216; umzuschauen, Eindr\u00fccke, Visionen, Fragen und Betrachtungsweisen zu [&hellip;]<\/p>\n","protected":false},"author":2,"featured_media":5332,"comment_status":"closed","ping_status":"closed","sticky":false,"template":"","format":"standard","meta":{"_uag_custom_page_level_css":"","pgc_sgb_lightbox_settings":"","ocean_post_layout":"","ocean_both_sidebars_style":"","ocean_both_sidebars_content_width":0,"ocean_both_sidebars_sidebars_width":0,"ocean_sidebar":"0","ocean_second_sidebar":"0","ocean_disable_margins":"enable","ocean_add_body_class":"","ocean_shortcode_before_top_bar":"","ocean_shortcode_after_top_bar":"","ocean_shortcode_before_header":"","ocean_shortcode_after_header":"","ocean_has_shortcode":"","ocean_shortcode_after_title":"","ocean_shortcode_before_footer_widgets":"","ocean_shortcode_after_footer_widgets":"","ocean_shortcode_before_footer_bottom":"","ocean_shortcode_after_footer_bottom":"","ocean_display_top_bar":"default","ocean_display_header":"default","ocean_header_style":"","ocean_center_header_left_menu":"0","ocean_custom_header_template":"0","ocean_custom_logo":0,"ocean_custom_retina_logo":0,"ocean_custom_logo_max_width":0,"ocean_custom_logo_tablet_max_width":0,"ocean_custom_logo_mobile_max_width":0,"ocean_custom_logo_max_height":0,"ocean_custom_logo_tablet_max_height":0,"ocean_custom_logo_mobile_max_height":0,"ocean_header_custom_menu":"0","ocean_menu_typo_font_family":"0","ocean_menu_typo_font_subset":"","ocean_menu_typo_font_size":0,"ocean_menu_typo_font_size_tablet":0,"ocean_menu_typo_font_size_mobile":0,"ocean_menu_typo_font_size_unit":"px","ocean_menu_typo_font_weight":"","ocean_menu_typo_font_weight_tablet":"","ocean_menu_typo_font_weight_mobile":"","ocean_menu_typo_transform":"","ocean_menu_typo_transform_tablet":"","ocean_menu_typo_transform_mobile":"","ocean_menu_typo_line_height":0,"ocean_menu_typo_line_height_tablet":0,"ocean_menu_typo_line_height_mobile":0,"ocean_menu_typo_line_height_unit":"","ocean_menu_typo_spacing":0,"ocean_menu_typo_spacing_tablet":0,"ocean_menu_typo_spacing_mobile":0,"ocean_menu_typo_spacing_unit":"","ocean_menu_link_color":"","ocean_menu_link_color_hover":"","ocean_menu_link_color_active":"","ocean_menu_link_background":"","ocean_menu_link_hover_background":"","ocean_menu_link_active_background":"","ocean_menu_social_links_bg":"","ocean_menu_social_hover_links_bg":"","ocean_menu_social_links_color":"","ocean_menu_social_hover_links_color":"","ocean_disable_title":"default","ocean_disable_heading":"default","ocean_post_title":"","ocean_post_subheading":"","ocean_post_title_style":"","ocean_post_title_background_color":"","ocean_post_title_background":0,"ocean_post_title_bg_image_position":"","ocean_post_title_bg_image_attachment":"","ocean_post_title_bg_image_repeat":"","ocean_post_title_bg_image_size":"","ocean_post_title_height":0,"ocean_post_title_bg_overlay":0.5,"ocean_post_title_bg_overlay_color":"","ocean_disable_breadcrumbs":"default","ocean_breadcrumbs_color":"","ocean_breadcrumbs_separator_color":"","ocean_breadcrumbs_links_color":"","ocean_breadcrumbs_links_hover_color":"","ocean_display_footer_widgets":"default","ocean_display_footer_bottom":"default","ocean_custom_footer_template":"0","ocean_post_oembed":"","ocean_post_self_hosted_media":"","ocean_post_video_embed":"","ocean_link_format":"","ocean_link_format_target":"self","ocean_quote_format":"","ocean_quote_format_link":"post","ocean_gallery_link_images":"off","ocean_gallery_id":[],"footnotes":""},"categories":[22],"tags":[],"class_list":["post-5326","post","type-post","status-publish","format-standard","has-post-thumbnail","hentry","category-rueckblick","entry","has-media"],"featured_image_src":"https:\/\/smk-art.de\/art\/wp-content\/uploads\/2021\/09\/spirit-frame-beitragsbild-susanne-mueller-koelmel-s.jpg","author_info":{"display_name":"Susanne M\u00fcller-K\u00f6lmel","author_link":"https:\/\/smk-art.de\/art\/author\/susanne\/"},"uagb_featured_image_src":{"full":["https:\/\/smk-art.de\/art\/wp-content\/uploads\/2021\/09\/spirit-frame-beitragsbild-susanne-mueller-koelmel-s.jpg",960,667,false],"thumbnail":["https:\/\/smk-art.de\/art\/wp-content\/uploads\/2021\/09\/spirit-frame-beitragsbild-susanne-mueller-koelmel-s-280x280.jpg",280,280,true],"medium":["https:\/\/smk-art.de\/art\/wp-content\/uploads\/2021\/09\/spirit-frame-beitragsbild-susanne-mueller-koelmel-s-300x208.jpg",300,208,true],"medium_large":["https:\/\/smk-art.de\/art\/wp-content\/uploads\/2021\/09\/spirit-frame-beitragsbild-susanne-mueller-koelmel-s-768x534.jpg",768,534,true],"large":["https:\/\/smk-art.de\/art\/wp-content\/uploads\/2021\/09\/spirit-frame-beitragsbild-susanne-mueller-koelmel-s.jpg",960,667,false],"1536x1536":["https:\/\/smk-art.de\/art\/wp-content\/uploads\/2021\/09\/spirit-frame-beitragsbild-susanne-mueller-koelmel-s.jpg",960,667,false],"2048x2048":["https:\/\/smk-art.de\/art\/wp-content\/uploads\/2021\/09\/spirit-frame-beitragsbild-susanne-mueller-koelmel-s.jpg",960,667,false],"ocean-thumb-m":["https:\/\/smk-art.de\/art\/wp-content\/uploads\/2021\/09\/spirit-frame-beitragsbild-susanne-mueller-koelmel-s.jpg",600,417,false],"ocean-thumb-ml":["https:\/\/smk-art.de\/art\/wp-content\/uploads\/2021\/09\/spirit-frame-beitragsbild-susanne-mueller-koelmel-s.jpg",648,450,false],"ocean-thumb-l":["https:\/\/smk-art.de\/art\/wp-content\/uploads\/2021\/09\/spirit-frame-beitragsbild-susanne-mueller-koelmel-s.jpg",960,667,false]},"uagb_author_info":{"display_name":"Susanne M\u00fcller-K\u00f6lmel","author_link":"https:\/\/smk-art.de\/art\/author\/susanne\/"},"uagb_comment_info":0,"uagb_excerpt":"Das Projekt&nbsp;KONVERGENZ&nbsp;ist eine Initiative marokkanischer und deutscher K\u00fcnstler:innen.Vertreten wird das Projekt in Marokko durch die K\u00fcnstlergruppe \u201aCham\u00e4leon\u2018 und in Deutschland durch die K\u00fcnstlergruppe \u201afour+\u2018. F\u00fcr dieses 2. Projekt &#8222;Window21&#8220; werden jeweils 5 deutsche und 5 marokkanische K\u00fcnstler*innen sich auf den Weg machen, um sich im interkulturellen Raum &#8218;Marokko\/Deutschland&#8216; umzuschauen, Eindr\u00fccke, Visionen, Fragen und Betrachtungsweisen zu&hellip;","_links":{"self":[{"href":"https:\/\/smk-art.de\/art\/wp-json\/wp\/v2\/posts\/5326","targetHints":{"allow":["GET"]}}],"collection":[{"href":"https:\/\/smk-art.de\/art\/wp-json\/wp\/v2\/posts"}],"about":[{"href":"https:\/\/smk-art.de\/art\/wp-json\/wp\/v2\/types\/post"}],"author":[{"embeddable":true,"href":"https:\/\/smk-art.de\/art\/wp-json\/wp\/v2\/users\/2"}],"replies":[{"embeddable":true,"href":"https:\/\/smk-art.de\/art\/wp-json\/wp\/v2\/comments?post=5326"}],"version-history":[{"count":3,"href":"https:\/\/smk-art.de\/art\/wp-json\/wp\/v2\/posts\/5326\/revisions"}],"predecessor-version":[{"id":5331,"href":"https:\/\/smk-art.de\/art\/wp-json\/wp\/v2\/posts\/5326\/revisions\/5331"}],"wp:featuredmedia":[{"embeddable":true,"href":"https:\/\/smk-art.de\/art\/wp-json\/wp\/v2\/media\/5332"}],"wp:attachment":[{"href":"https:\/\/smk-art.de\/art\/wp-json\/wp\/v2\/media?parent=5326"}],"wp:term":[{"taxonomy":"category","embeddable":true,"href":"https:\/\/smk-art.de\/art\/wp-json\/wp\/v2\/categories?post=5326"},{"taxonomy":"post_tag","embeddable":true,"href":"https:\/\/smk-art.de\/art\/wp-json\/wp\/v2\/tags?post=5326"}],"curies":[{"name":"wp","href":"https:\/\/api.w.org\/{rel}","templated":true}]}}