{"id":5334,"date":"2021-08-27T15:01:00","date_gmt":"2021-08-27T13:01:00","guid":{"rendered":"https:\/\/smk-art.de\/art\/?p=5334"},"modified":"2021-12-13T15:17:54","modified_gmt":"2021-12-13T13:17:54","slug":"gleich-ist-nicht-gleich","status":"publish","type":"post","link":"https:\/\/smk-art.de\/art\/gleich-ist-nicht-gleich\/","title":{"rendered":"\u201egleich ist nicht gleich\u201c"},"content":{"rendered":"\n<p><strong>Eine Initiative der BSA-Art Ober\u00f6sterreich und des BBK Niederbayern<\/strong>. Pr\u00e4sentiert werden Malereien, Druckgrafiken und Objekte von K\u00fcnstlerInnen aus \u00d6sterreich, Deutschland, Holland, Bosnien, T\u00fcrkei, Spanien, Bulgarien, Georgien u.a. im&nbsp;&nbsp;<strong>Kunstcentrum \u201ede Boterhal\u201c , Hoorn, Holland.<\/strong><\/p>\n\n\n\n<p>Er\u00f6ffnung: Sonntag 24. Oktober 2021 um 16.00 Uhr, <a href=\"https:\/\/www.boterhal.com\" target=\"_blank\" rel=\"noreferrer noopener\">Kunstcentrum \u201eDe Boterhal<\/a>\u201c, Kerkplein 39, 1621 CZ Hoorn, Niederlande<\/p>\n\n\n\n<p>\u00d6ffnungszeiten: Di. bis So. 14 \u2013 17 Uhr<\/p>\n\n\n\n<p>Presse: Hier worden we vermeld! (Hier werden wir erw\u00e4hnt!)<\/p>\n\n\n\n<p><a rel=\"noreferrer noopener\" href=\"https:\/\/www.hoornsdagblad.nl\/regio\/internationale-tentoonstelling-in-de-boterhal-gleich-ist-nicht-gleich\" target=\"_blank\">Hoornsdagblaad.NL<\/a><\/p>\n\n\n\n<p><a rel=\"noreferrer noopener\" href=\"https:\/\/museumtijdschrift.nl\/tentoonstellingen\/gleich-ist-nicht-gleich\/\" target=\"_blank\">Museum Tijdschrift<\/a><\/p>\n\n\n\n<p><a rel=\"noreferrer noopener\" href=\"https:\/\/www.cultuurhoorn.nl\/ag-31589-7-160730\/agenda\/internationale_tentoonstelling_in_de_boterhal_gleich_ist_nicht_gleich.html\" target=\"_blank\">CULTUUR HOORN<\/a><\/p>\n","protected":false},"excerpt":{"rendered":"<p>Eine Initiative der BSA-Art Ober\u00f6sterreich und des BBK Niederbayern. Pr\u00e4sentiert werden Malereien, Druckgrafiken und Objekte von K\u00fcnstlerInnen aus \u00d6sterreich, Deutschland, Holland, Bosnien, T\u00fcrkei, Spanien, Bulgarien, Georgien u.a. im&nbsp;&nbsp;Kunstcentrum \u201ede Boterhal\u201c , Hoorn, Holland. Er\u00f6ffnung: Sonntag 24. Oktober 2021 um 16.00 Uhr, Kunstcentrum \u201eDe Boterhal\u201c, Kerkplein 39, 1621 CZ Hoorn, Niederlande \u00d6ffnungszeiten: Di. bis So. 14 [&hellip;]<\/p>\n","protected":false},"author":2,"featured_media":5336,"comment_status":"closed","ping_status":"closed","sticky":false,"template":"","format":"standard","meta":{"_uag_custom_page_level_css":"","pgc_sgb_lightbox_settings":"","ocean_post_layout":"","ocean_both_sidebars_style":"","ocean_both_sidebars_content_width":0,"ocean_both_sidebars_sidebars_width":0,"ocean_sidebar":"0","ocean_second_sidebar":"0","ocean_disable_margins":"enable","ocean_add_body_class":"","ocean_shortcode_before_top_bar":"","ocean_shortcode_after_top_bar":"","ocean_shortcode_before_header":"","ocean_shortcode_after_header":"","ocean_has_shortcode":"","ocean_shortcode_after_title":"","ocean_shortcode_before_footer_widgets":"","ocean_shortcode_after_footer_widgets":"","ocean_shortcode_before_footer_bottom":"","ocean_shortcode_after_footer_bottom":"","ocean_display_top_bar":"default","ocean_display_header":"default","ocean_header_style":"","ocean_center_header_left_menu":"0","ocean_custom_header_template":"0","ocean_custom_logo":0,"ocean_custom_retina_logo":0,"ocean_custom_logo_max_width":0,"ocean_custom_logo_tablet_max_width":0,"ocean_custom_logo_mobile_max_width":0,"ocean_custom_logo_max_height":0,"ocean_custom_logo_tablet_max_height":0,"ocean_custom_logo_mobile_max_height":0,"ocean_header_custom_menu":"0","ocean_menu_typo_font_family":"0","ocean_menu_typo_font_subset":"","ocean_menu_typo_font_size":0,"ocean_menu_typo_font_size_tablet":0,"ocean_menu_typo_font_size_mobile":0,"ocean_menu_typo_font_size_unit":"px","ocean_menu_typo_font_weight":"","ocean_menu_typo_font_weight_tablet":"","ocean_menu_typo_font_weight_mobile":"","ocean_menu_typo_transform":"","ocean_menu_typo_transform_tablet":"","ocean_menu_typo_transform_mobile":"","ocean_menu_typo_line_height":0,"ocean_menu_typo_line_height_tablet":0,"ocean_menu_typo_line_height_mobile":0,"ocean_menu_typo_line_height_unit":"","ocean_menu_typo_spacing":0,"ocean_menu_typo_spacing_tablet":0,"ocean_menu_typo_spacing_mobile":0,"ocean_menu_typo_spacing_unit":"","ocean_menu_link_color":"","ocean_menu_link_color_hover":"","ocean_menu_link_color_active":"","ocean_menu_link_background":"","ocean_menu_link_hover_background":"","ocean_menu_link_active_background":"","ocean_menu_social_links_bg":"","ocean_menu_social_hover_links_bg":"","ocean_menu_social_links_color":"","ocean_menu_social_hover_links_color":"","ocean_disable_title":"default","ocean_disable_heading":"default","ocean_post_title":"","ocean_post_subheading":"","ocean_post_title_style":"","ocean_post_title_background_color":"","ocean_post_title_background":0,"ocean_post_title_bg_image_position":"","ocean_post_title_bg_image_attachment":"","ocean_post_title_bg_image_repeat":"","ocean_post_title_bg_image_size":"","ocean_post_title_height":0,"ocean_post_title_bg_overlay":0.5,"ocean_post_title_bg_overlay_color":"","ocean_disable_breadcrumbs":"default","ocean_breadcrumbs_color":"","ocean_breadcrumbs_separator_color":"","ocean_breadcrumbs_links_color":"","ocean_breadcrumbs_links_hover_color":"","ocean_display_footer_widgets":"default","ocean_display_footer_bottom":"default","ocean_custom_footer_template":"0","ocean_post_oembed":"","ocean_post_self_hosted_media":"","ocean_post_video_embed":"","ocean_link_format":"","ocean_link_format_target":"self","ocean_quote_format":"","ocean_quote_format_link":"post","ocean_gallery_link_images":"off","ocean_gallery_id":[],"footnotes":""},"categories":[6],"tags":[],"class_list":["post-5334","post","type-post","status-publish","format-standard","has-post-thumbnail","hentry","category-ausstellungen","entry","has-media"],"featured_image_src":"https:\/\/smk-art.de\/art\/wp-content\/uploads\/2021\/09\/gleich-ist-nicht-gleich-2021-de-boterhal-hoorn-website.jpg","author_info":{"display_name":"Susanne M\u00fcller-K\u00f6lmel","author_link":"https:\/\/smk-art.de\/art\/author\/susanne\/"},"uagb_featured_image_src":{"full":["https:\/\/smk-art.de\/art\/wp-content\/uploads\/2021\/09\/gleich-ist-nicht-gleich-2021-de-boterhal-hoorn-website.jpg",923,960,false],"thumbnail":["https:\/\/smk-art.de\/art\/wp-content\/uploads\/2021\/09\/gleich-ist-nicht-gleich-2021-de-boterhal-hoorn-website-280x280.jpg",280,280,true],"medium":["https:\/\/smk-art.de\/art\/wp-content\/uploads\/2021\/09\/gleich-ist-nicht-gleich-2021-de-boterhal-hoorn-website-288x300.jpg",288,300,true],"medium_large":["https:\/\/smk-art.de\/art\/wp-content\/uploads\/2021\/09\/gleich-ist-nicht-gleich-2021-de-boterhal-hoorn-website-768x799.jpg",768,799,true],"large":["https:\/\/smk-art.de\/art\/wp-content\/uploads\/2021\/09\/gleich-ist-nicht-gleich-2021-de-boterhal-hoorn-website.jpg",923,960,false],"1536x1536":["https:\/\/smk-art.de\/art\/wp-content\/uploads\/2021\/09\/gleich-ist-nicht-gleich-2021-de-boterhal-hoorn-website.jpg",923,960,false],"2048x2048":["https:\/\/smk-art.de\/art\/wp-content\/uploads\/2021\/09\/gleich-ist-nicht-gleich-2021-de-boterhal-hoorn-website.jpg",923,960,false],"ocean-thumb-m":["https:\/\/smk-art.de\/art\/wp-content\/uploads\/2021\/09\/gleich-ist-nicht-gleich-2021-de-boterhal-hoorn-website.jpg",577,600,false],"ocean-thumb-ml":["https:\/\/smk-art.de\/art\/wp-content\/uploads\/2021\/09\/gleich-ist-nicht-gleich-2021-de-boterhal-hoorn-website.jpg",433,450,false],"ocean-thumb-l":["https:\/\/smk-art.de\/art\/wp-content\/uploads\/2021\/09\/gleich-ist-nicht-gleich-2021-de-boterhal-hoorn-website.jpg",673,700,false]},"uagb_author_info":{"display_name":"Susanne M\u00fcller-K\u00f6lmel","author_link":"https:\/\/smk-art.de\/art\/author\/susanne\/"},"uagb_comment_info":0,"uagb_excerpt":"Eine Initiative der BSA-Art Ober\u00f6sterreich und des BBK Niederbayern. Pr\u00e4sentiert werden Malereien, Druckgrafiken und Objekte von K\u00fcnstlerInnen aus \u00d6sterreich, Deutschland, Holland, Bosnien, T\u00fcrkei, Spanien, Bulgarien, Georgien u.a. im&nbsp;&nbsp;Kunstcentrum \u201ede Boterhal\u201c , Hoorn, Holland. Er\u00f6ffnung: Sonntag 24. Oktober 2021 um 16.00 Uhr, Kunstcentrum \u201eDe Boterhal\u201c, Kerkplein 39, 1621 CZ Hoorn, Niederlande \u00d6ffnungszeiten: Di. bis So. 14&hellip;","_links":{"self":[{"href":"https:\/\/smk-art.de\/art\/wp-json\/wp\/v2\/posts\/5334","targetHints":{"allow":["GET"]}}],"collection":[{"href":"https:\/\/smk-art.de\/art\/wp-json\/wp\/v2\/posts"}],"about":[{"href":"https:\/\/smk-art.de\/art\/wp-json\/wp\/v2\/types\/post"}],"author":[{"embeddable":true,"href":"https:\/\/smk-art.de\/art\/wp-json\/wp\/v2\/users\/2"}],"replies":[{"embeddable":true,"href":"https:\/\/smk-art.de\/art\/wp-json\/wp\/v2\/comments?post=5334"}],"version-history":[{"count":4,"href":"https:\/\/smk-art.de\/art\/wp-json\/wp\/v2\/posts\/5334\/revisions"}],"predecessor-version":[{"id":5417,"href":"https:\/\/smk-art.de\/art\/wp-json\/wp\/v2\/posts\/5334\/revisions\/5417"}],"wp:featuredmedia":[{"embeddable":true,"href":"https:\/\/smk-art.de\/art\/wp-json\/wp\/v2\/media\/5336"}],"wp:attachment":[{"href":"https:\/\/smk-art.de\/art\/wp-json\/wp\/v2\/media?parent=5334"}],"wp:term":[{"taxonomy":"category","embeddable":true,"href":"https:\/\/smk-art.de\/art\/wp-json\/wp\/v2\/categories?post=5334"},{"taxonomy":"post_tag","embeddable":true,"href":"https:\/\/smk-art.de\/art\/wp-json\/wp\/v2\/tags?post=5334"}],"curies":[{"name":"wp","href":"https:\/\/api.w.org\/{rel}","templated":true}]}}