{"id":6676,"date":"2023-10-24T18:58:21","date_gmt":"2023-10-24T16:58:21","guid":{"rendered":"https:\/\/smk-art.de\/art\/?p=6676"},"modified":"2023-10-24T19:29:01","modified_gmt":"2023-10-24T17:29:01","slug":"chronos-und-kairos","status":"publish","type":"post","link":"https:\/\/smk-art.de\/art\/chronos-und-kairos\/","title":{"rendered":"Chronos und Kairos"},"content":{"rendered":"\n<p>Bodenarbeit im ArToll Kunstlabor<\/p>\n\n\n\n<p>Die Gegenwart der Vergangenheit\u00a0\u2013\u00a0Das\u00a0<a rel=\"noreferrer noopener\" href=\"https:\/\/www.youtube.com\/watch?v=pUZxb7ES410\" target=\"_blank\">Memorial Book Projekt<\/a>\u00a0von Susanne M\u00fcller-K\u00f6lmel. Alles beginnt mit einem Versprechen. Ein Versprechen, das sich die K\u00fcnstlerin Susanne M\u00fcller-K\u00f6lmel selber gibt, als sie ihr Memorial-Book-Projekt konzipiert, das am 1.1.2010 seinen Anfang nimmt. Angelegt auf 10 Jahre soll t\u00e4glich ein Einzelbild auf einem gefalteten Leporello mit 365 Seiten gestaltet werden, bis nach Abschluss des Projekts, wenn 10 Memorial Books wieder entfaltet werden, ein Jahrzehnt aus dem Leben der K\u00fcnstlerin zur Erscheinung kommt. Und zu jedem Jahresanfang wird das Versprechen wie ein Ritual erneuert.<a href=\"https:\/\/smk-art.de\/art\/die-gegenwart-der-vergangenheit-von-dr-uta-d-rose\/\">\u00a0[mehr]<\/a>\u00a0\u201c\u00a0Dr. Uta D. Rose<\/p>\n\n\n\n<figure class=\"wp-block-gallery has-nested-images columns-default is-cropped wp-block-gallery-1 is-layout-flex wp-block-gallery-is-layout-flex\">\n<figure class=\"wp-block-image size-large\"><img loading=\"lazy\" decoding=\"async\" width=\"960\" height=\"640\" data-id=\"6674\" src=\"https:\/\/smk-art.de\/art\/wp-content\/uploads\/2023\/10\/memorialbookprojekt-entfaltet-susanne-mueller-koelmel-artoll-s3.jpg\" alt=\"\" class=\"wp-image-6674\" srcset=\"https:\/\/smk-art.de\/art\/wp-content\/uploads\/2023\/10\/memorialbookprojekt-entfaltet-susanne-mueller-koelmel-artoll-s3.jpg 960w, https:\/\/smk-art.de\/art\/wp-content\/uploads\/2023\/10\/memorialbookprojekt-entfaltet-susanne-mueller-koelmel-artoll-s3-300x200.jpg 300w, https:\/\/smk-art.de\/art\/wp-content\/uploads\/2023\/10\/memorialbookprojekt-entfaltet-susanne-mueller-koelmel-artoll-s3-768x512.jpg 768w\" sizes=\"auto, (max-width: 960px) 100vw, 960px\" \/><\/figure>\n\n\n\n<figure class=\"wp-block-image size-large\"><img loading=\"lazy\" decoding=\"async\" width=\"960\" height=\"640\" data-id=\"6673\" src=\"https:\/\/smk-art.de\/art\/wp-content\/uploads\/2023\/10\/memorialbookprojekt-entfaltet-susanne-mueller-koelmel-artoll-s2.jpg\" alt=\"\" class=\"wp-image-6673\" srcset=\"https:\/\/smk-art.de\/art\/wp-content\/uploads\/2023\/10\/memorialbookprojekt-entfaltet-susanne-mueller-koelmel-artoll-s2.jpg 960w, https:\/\/smk-art.de\/art\/wp-content\/uploads\/2023\/10\/memorialbookprojekt-entfaltet-susanne-mueller-koelmel-artoll-s2-300x200.jpg 300w, https:\/\/smk-art.de\/art\/wp-content\/uploads\/2023\/10\/memorialbookprojekt-entfaltet-susanne-mueller-koelmel-artoll-s2-768x512.jpg 768w\" sizes=\"auto, (max-width: 960px) 100vw, 960px\" \/><\/figure>\n\n\n\n<figure class=\"wp-block-image size-large\"><img loading=\"lazy\" decoding=\"async\" width=\"960\" height=\"640\" data-id=\"6672\" src=\"https:\/\/smk-art.de\/art\/wp-content\/uploads\/2023\/10\/memorialbookprojekt-entfaltet-susanne-mueller-koelmel-artoll-s1.jpg\" alt=\"\" class=\"wp-image-6672\" srcset=\"https:\/\/smk-art.de\/art\/wp-content\/uploads\/2023\/10\/memorialbookprojekt-entfaltet-susanne-mueller-koelmel-artoll-s1.jpg 960w, https:\/\/smk-art.de\/art\/wp-content\/uploads\/2023\/10\/memorialbookprojekt-entfaltet-susanne-mueller-koelmel-artoll-s1-300x200.jpg 300w, https:\/\/smk-art.de\/art\/wp-content\/uploads\/2023\/10\/memorialbookprojekt-entfaltet-susanne-mueller-koelmel-artoll-s1-768x512.jpg 768w\" sizes=\"auto, (max-width: 960px) 100vw, 960px\" \/><\/figure>\n<\/figure>\n\n\n\n<p>sidesight &#8211; Bodenarbeit im ArToll Kunstlabor 2023 [Fotos: Siegbert Altmiks]<\/p>\n","protected":false},"excerpt":{"rendered":"<p>Bodenarbeit im ArToll Kunstlabor Die Gegenwart der Vergangenheit\u00a0\u2013\u00a0Das\u00a0Memorial Book Projekt\u00a0von Susanne M\u00fcller-K\u00f6lmel. Alles beginnt mit einem Versprechen. Ein Versprechen, das sich die K\u00fcnstlerin Susanne M\u00fcller-K\u00f6lmel selber gibt, als sie ihr Memorial-Book-Projekt konzipiert, das am 1.1.2010 seinen Anfang nimmt. Angelegt auf 10 Jahre soll t\u00e4glich ein Einzelbild auf einem gefalteten Leporello mit 365 Seiten gestaltet werden, [&hellip;]<\/p>\n","protected":false},"author":2,"featured_media":6672,"comment_status":"closed","ping_status":"","sticky":false,"template":"","format":"standard","meta":{"_uag_custom_page_level_css":"","pgc_sgb_lightbox_settings":"","ocean_post_layout":"","ocean_both_sidebars_style":"","ocean_both_sidebars_content_width":0,"ocean_both_sidebars_sidebars_width":0,"ocean_sidebar":"","ocean_second_sidebar":"","ocean_disable_margins":"enable","ocean_add_body_class":"","ocean_shortcode_before_top_bar":"","ocean_shortcode_after_top_bar":"","ocean_shortcode_before_header":"","ocean_shortcode_after_header":"","ocean_has_shortcode":"","ocean_shortcode_after_title":"","ocean_shortcode_before_footer_widgets":"","ocean_shortcode_after_footer_widgets":"","ocean_shortcode_before_footer_bottom":"","ocean_shortcode_after_footer_bottom":"","ocean_display_top_bar":"default","ocean_display_header":"default","ocean_header_style":"","ocean_center_header_left_menu":"","ocean_custom_header_template":"","ocean_custom_logo":0,"ocean_custom_retina_logo":0,"ocean_custom_logo_max_width":0,"ocean_custom_logo_tablet_max_width":0,"ocean_custom_logo_mobile_max_width":0,"ocean_custom_logo_max_height":0,"ocean_custom_logo_tablet_max_height":0,"ocean_custom_logo_mobile_max_height":0,"ocean_header_custom_menu":"","ocean_menu_typo_font_family":"","ocean_menu_typo_font_subset":"","ocean_menu_typo_font_size":0,"ocean_menu_typo_font_size_tablet":0,"ocean_menu_typo_font_size_mobile":0,"ocean_menu_typo_font_size_unit":"px","ocean_menu_typo_font_weight":"","ocean_menu_typo_font_weight_tablet":"","ocean_menu_typo_font_weight_mobile":"","ocean_menu_typo_transform":"","ocean_menu_typo_transform_tablet":"","ocean_menu_typo_transform_mobile":"","ocean_menu_typo_line_height":0,"ocean_menu_typo_line_height_tablet":0,"ocean_menu_typo_line_height_mobile":0,"ocean_menu_typo_line_height_unit":"","ocean_menu_typo_spacing":0,"ocean_menu_typo_spacing_tablet":0,"ocean_menu_typo_spacing_mobile":0,"ocean_menu_typo_spacing_unit":"","ocean_menu_link_color":"","ocean_menu_link_color_hover":"","ocean_menu_link_color_active":"","ocean_menu_link_background":"","ocean_menu_link_hover_background":"","ocean_menu_link_active_background":"","ocean_menu_social_links_bg":"","ocean_menu_social_hover_links_bg":"","ocean_menu_social_links_color":"","ocean_menu_social_hover_links_color":"","ocean_disable_title":"default","ocean_disable_heading":"default","ocean_post_title":"","ocean_post_subheading":"","ocean_post_title_style":"","ocean_post_title_background_color":"","ocean_post_title_background":0,"ocean_post_title_bg_image_position":"","ocean_post_title_bg_image_attachment":"","ocean_post_title_bg_image_repeat":"","ocean_post_title_bg_image_size":"","ocean_post_title_height":0,"ocean_post_title_bg_overlay":0.5,"ocean_post_title_bg_overlay_color":"","ocean_disable_breadcrumbs":"default","ocean_breadcrumbs_color":"","ocean_breadcrumbs_separator_color":"","ocean_breadcrumbs_links_color":"","ocean_breadcrumbs_links_hover_color":"","ocean_display_footer_widgets":"default","ocean_display_footer_bottom":"default","ocean_custom_footer_template":"","ocean_post_oembed":"","ocean_post_self_hosted_media":"","ocean_post_video_embed":"","ocean_link_format":"","ocean_link_format_target":"self","ocean_quote_format":"","ocean_quote_format_link":"post","ocean_gallery_link_images":"on","ocean_gallery_id":[],"footnotes":""},"categories":[6],"tags":[],"class_list":["post-6676","post","type-post","status-publish","format-standard","has-post-thumbnail","hentry","category-ausstellungen","entry","has-media"],"featured_image_src":"https:\/\/smk-art.de\/art\/wp-content\/uploads\/2023\/10\/memorialbookprojekt-entfaltet-susanne-mueller-koelmel-artoll-s1.jpg","author_info":{"display_name":"Susanne M\u00fcller-K\u00f6lmel","author_link":"https:\/\/smk-art.de\/art\/author\/susanne\/"},"uagb_featured_image_src":{"full":["https:\/\/smk-art.de\/art\/wp-content\/uploads\/2023\/10\/memorialbookprojekt-entfaltet-susanne-mueller-koelmel-artoll-s1.jpg",960,640,false],"thumbnail":["https:\/\/smk-art.de\/art\/wp-content\/uploads\/2023\/10\/memorialbookprojekt-entfaltet-susanne-mueller-koelmel-artoll-s1-280x280.jpg",280,280,true],"medium":["https:\/\/smk-art.de\/art\/wp-content\/uploads\/2023\/10\/memorialbookprojekt-entfaltet-susanne-mueller-koelmel-artoll-s1-300x200.jpg",300,200,true],"medium_large":["https:\/\/smk-art.de\/art\/wp-content\/uploads\/2023\/10\/memorialbookprojekt-entfaltet-susanne-mueller-koelmel-artoll-s1-768x512.jpg",768,512,true],"large":["https:\/\/smk-art.de\/art\/wp-content\/uploads\/2023\/10\/memorialbookprojekt-entfaltet-susanne-mueller-koelmel-artoll-s1.jpg",960,640,false],"1536x1536":["https:\/\/smk-art.de\/art\/wp-content\/uploads\/2023\/10\/memorialbookprojekt-entfaltet-susanne-mueller-koelmel-artoll-s1.jpg",960,640,false],"2048x2048":["https:\/\/smk-art.de\/art\/wp-content\/uploads\/2023\/10\/memorialbookprojekt-entfaltet-susanne-mueller-koelmel-artoll-s1.jpg",960,640,false],"ocean-thumb-m":["https:\/\/smk-art.de\/art\/wp-content\/uploads\/2023\/10\/memorialbookprojekt-entfaltet-susanne-mueller-koelmel-artoll-s1-600x600.jpg",600,600,true],"ocean-thumb-ml":["https:\/\/smk-art.de\/art\/wp-content\/uploads\/2023\/10\/memorialbookprojekt-entfaltet-susanne-mueller-koelmel-artoll-s1-800x450.jpg",800,450,true],"ocean-thumb-l":["https:\/\/smk-art.de\/art\/wp-content\/uploads\/2023\/10\/memorialbookprojekt-entfaltet-susanne-mueller-koelmel-artoll-s1.jpg",960,640,false]},"uagb_author_info":{"display_name":"Susanne M\u00fcller-K\u00f6lmel","author_link":"https:\/\/smk-art.de\/art\/author\/susanne\/"},"uagb_comment_info":0,"uagb_excerpt":"Bodenarbeit im ArToll Kunstlabor Die Gegenwart der Vergangenheit\u00a0\u2013\u00a0Das\u00a0Memorial Book Projekt\u00a0von Susanne M\u00fcller-K\u00f6lmel. Alles beginnt mit einem Versprechen. Ein Versprechen, das sich die K\u00fcnstlerin Susanne M\u00fcller-K\u00f6lmel selber gibt, als sie ihr Memorial-Book-Projekt konzipiert, das am 1.1.2010 seinen Anfang nimmt. Angelegt auf 10 Jahre soll t\u00e4glich ein Einzelbild auf einem gefalteten Leporello mit 365 Seiten gestaltet werden,&hellip;","_links":{"self":[{"href":"https:\/\/smk-art.de\/art\/wp-json\/wp\/v2\/posts\/6676","targetHints":{"allow":["GET"]}}],"collection":[{"href":"https:\/\/smk-art.de\/art\/wp-json\/wp\/v2\/posts"}],"about":[{"href":"https:\/\/smk-art.de\/art\/wp-json\/wp\/v2\/types\/post"}],"author":[{"embeddable":true,"href":"https:\/\/smk-art.de\/art\/wp-json\/wp\/v2\/users\/2"}],"replies":[{"embeddable":true,"href":"https:\/\/smk-art.de\/art\/wp-json\/wp\/v2\/comments?post=6676"}],"version-history":[{"count":3,"href":"https:\/\/smk-art.de\/art\/wp-json\/wp\/v2\/posts\/6676\/revisions"}],"predecessor-version":[{"id":6683,"href":"https:\/\/smk-art.de\/art\/wp-json\/wp\/v2\/posts\/6676\/revisions\/6683"}],"wp:featuredmedia":[{"embeddable":true,"href":"https:\/\/smk-art.de\/art\/wp-json\/wp\/v2\/media\/6672"}],"wp:attachment":[{"href":"https:\/\/smk-art.de\/art\/wp-json\/wp\/v2\/media?parent=6676"}],"wp:term":[{"taxonomy":"category","embeddable":true,"href":"https:\/\/smk-art.de\/art\/wp-json\/wp\/v2\/categories?post=6676"},{"taxonomy":"post_tag","embeddable":true,"href":"https:\/\/smk-art.de\/art\/wp-json\/wp\/v2\/tags?post=6676"}],"curies":[{"name":"wp","href":"https:\/\/api.w.org\/{rel}","templated":true}]}}