{"id":6815,"date":"2023-11-22T23:29:28","date_gmt":"2023-11-22T21:29:28","guid":{"rendered":"https:\/\/smk-art.de\/art\/?p=6815"},"modified":"2024-01-03T17:25:38","modified_gmt":"2024-01-03T15:25:38","slug":"hunde-in-der-kunst","status":"publish","type":"post","link":"https:\/\/smk-art.de\/art\/hunde-in-der-kunst\/","title":{"rendered":"Hunde in der Kunst"},"content":{"rendered":"\n<p><strong>Jahresausstellung der AG Leverkusener K\u00fcnstler und G\u00e4ste<\/strong><\/p>\n\n\n\n<p>26. November bis 10. Dezember 2023 <\/p>\n\n\n\n<p>Ausstellungser\u00f6ffnung: Sonntag 26.11.2023, 11 Uhr. Es spricht <strong>Rainer Ernst Ohle<\/strong><\/p>\n\n\n\n<p><strong>Jahresausstellung der AG Leverkusener K\u00fcnstler und G\u00e4ste<\/strong>: Arentz Kurt | Birkenstock-Kotalla Heiderose \u2013 BiKo | Birkenstock | Karina | Chrobok Karl-Karol | Dorsch Hans Lothar | Loh-Bachmann Ellen \u2013 Eloba | Ernst Thomas | Fleischer Karsten | Kacmarek Peter | Klein Rita |Knorr Ursula | K\u00fcpper Norbert | Matthiesen Jan | Miserius Uwe | <\/p>\n\n\n\n<p>\u00d6ffnungszeiten: Mi + Fr 16 -18 Uhr, So 15-17 Uhr<\/p>\n\n\n\n<p>Galerie K\u00fcnstlerbunker, Karlstr. 9, 51379 Leverkusen<\/p>\n\n\n\n<p><a href=\"https:\/\/agleverkusenerkuenstler.de\" data-type=\"link\" data-id=\"https:\/\/agleverkusenerkuenstler.de\" target=\"_blank\" rel=\"noreferrer noopener\">www.AGLeverkusenerKuenstler.de<\/a><\/p>\n\n\n\n<figure class=\"wp-block-gallery has-nested-images columns-default is-cropped wp-block-gallery-1 is-layout-flex wp-block-gallery-is-layout-flex\">\n<figure class=\"wp-block-image size-large\"><a href=\"https:\/\/smk-art.de\/art\/wp-content\/uploads\/2023\/12\/hunde-in-der-kunst-leverkusen-susanne-mueller-koelmel4.jpg\"><img loading=\"lazy\" decoding=\"async\" width=\"720\" height=\"960\" data-id=\"6877\" src=\"https:\/\/smk-art.de\/art\/wp-content\/uploads\/2023\/12\/hunde-in-der-kunst-leverkusen-susanne-mueller-koelmel4.jpg\" alt=\"\" class=\"wp-image-6877\" srcset=\"https:\/\/smk-art.de\/art\/wp-content\/uploads\/2023\/12\/hunde-in-der-kunst-leverkusen-susanne-mueller-koelmel4.jpg 720w, https:\/\/smk-art.de\/art\/wp-content\/uploads\/2023\/12\/hunde-in-der-kunst-leverkusen-susanne-mueller-koelmel4-225x300.jpg 225w\" sizes=\"auto, (max-width: 720px) 100vw, 720px\" \/><\/a><\/figure>\n\n\n\n<figure class=\"wp-block-image size-large\"><a href=\"https:\/\/smk-art.de\/art\/wp-content\/uploads\/2023\/12\/hunde-in-der-kunst-leverkusen-susanne-mueller-koelmel2.jpg\"><img loading=\"lazy\" decoding=\"async\" width=\"960\" height=\"720\" data-id=\"6875\" src=\"https:\/\/smk-art.de\/art\/wp-content\/uploads\/2023\/12\/hunde-in-der-kunst-leverkusen-susanne-mueller-koelmel2.jpg\" alt=\"\" class=\"wp-image-6875\" srcset=\"https:\/\/smk-art.de\/art\/wp-content\/uploads\/2023\/12\/hunde-in-der-kunst-leverkusen-susanne-mueller-koelmel2.jpg 960w, https:\/\/smk-art.de\/art\/wp-content\/uploads\/2023\/12\/hunde-in-der-kunst-leverkusen-susanne-mueller-koelmel2-300x225.jpg 300w, https:\/\/smk-art.de\/art\/wp-content\/uploads\/2023\/12\/hunde-in-der-kunst-leverkusen-susanne-mueller-koelmel2-768x576.jpg 768w\" sizes=\"auto, (max-width: 960px) 100vw, 960px\" \/><\/a><\/figure>\n\n\n\n<figure class=\"wp-block-image size-large\"><a href=\"https:\/\/smk-art.de\/art\/wp-content\/uploads\/2023\/12\/hunde-in-der-kunst-leverkusen-susanne-mueller-koelmel3.jpg\"><img loading=\"lazy\" decoding=\"async\" width=\"700\" height=\"960\" data-id=\"6876\" src=\"https:\/\/smk-art.de\/art\/wp-content\/uploads\/2023\/12\/hunde-in-der-kunst-leverkusen-susanne-mueller-koelmel3.jpg\" alt=\"\" class=\"wp-image-6876\" srcset=\"https:\/\/smk-art.de\/art\/wp-content\/uploads\/2023\/12\/hunde-in-der-kunst-leverkusen-susanne-mueller-koelmel3.jpg 700w, https:\/\/smk-art.de\/art\/wp-content\/uploads\/2023\/12\/hunde-in-der-kunst-leverkusen-susanne-mueller-koelmel3-219x300.jpg 219w\" sizes=\"auto, (max-width: 700px) 100vw, 700px\" \/><\/a><\/figure>\n\n\n\n<figure class=\"wp-block-image size-large\"><a href=\"https:\/\/smk-art.de\/art\/wp-content\/uploads\/2023\/11\/pudels-kern-susanne-mueller-koelmel-s.jpg\"><img loading=\"lazy\" decoding=\"async\" width=\"758\" height=\"960\" data-id=\"6819\" src=\"https:\/\/smk-art.de\/art\/wp-content\/uploads\/2023\/11\/pudels-kern-susanne-mueller-koelmel-s.jpg\" alt=\"\" class=\"wp-image-6819\" srcset=\"https:\/\/smk-art.de\/art\/wp-content\/uploads\/2023\/11\/pudels-kern-susanne-mueller-koelmel-s.jpg 758w, https:\/\/smk-art.de\/art\/wp-content\/uploads\/2023\/11\/pudels-kern-susanne-mueller-koelmel-s-237x300.jpg 237w\" sizes=\"auto, (max-width: 758px) 100vw, 758px\" \/><\/a><\/figure>\n\n\n\n<figure class=\"wp-block-image size-large\"><a href=\"https:\/\/smk-art.de\/art\/wp-content\/uploads\/2023\/11\/schuh-schuh-oldenburg-susanne-mueller-koelmel-s.jpg\"><img loading=\"lazy\" decoding=\"async\" width=\"701\" height=\"960\" data-id=\"6820\" src=\"https:\/\/smk-art.de\/art\/wp-content\/uploads\/2023\/11\/schuh-schuh-oldenburg-susanne-mueller-koelmel-s.jpg\" alt=\"\" class=\"wp-image-6820\" srcset=\"https:\/\/smk-art.de\/art\/wp-content\/uploads\/2023\/11\/schuh-schuh-oldenburg-susanne-mueller-koelmel-s.jpg 701w, https:\/\/smk-art.de\/art\/wp-content\/uploads\/2023\/11\/schuh-schuh-oldenburg-susanne-mueller-koelmel-s-219x300.jpg 219w\" sizes=\"auto, (max-width: 701px) 100vw, 701px\" \/><\/a><\/figure>\n\n\n\n<figure class=\"wp-block-image size-large\"><a href=\"https:\/\/smk-art.de\/art\/wp-content\/uploads\/2023\/11\/tue-tue-vor-dm-susanne-mueller-koelmel-s-scaled.jpg\"><img loading=\"lazy\" decoding=\"async\" width=\"1024\" height=\"748\" data-id=\"6821\" src=\"https:\/\/smk-art.de\/art\/wp-content\/uploads\/2023\/11\/tue-tue-vor-dm-susanne-mueller-koelmel-s-1024x748.jpg\" alt=\"\" class=\"wp-image-6821\" srcset=\"https:\/\/smk-art.de\/art\/wp-content\/uploads\/2023\/11\/tue-tue-vor-dm-susanne-mueller-koelmel-s-1024x748.jpg 1024w, https:\/\/smk-art.de\/art\/wp-content\/uploads\/2023\/11\/tue-tue-vor-dm-susanne-mueller-koelmel-s-300x219.jpg 300w, https:\/\/smk-art.de\/art\/wp-content\/uploads\/2023\/11\/tue-tue-vor-dm-susanne-mueller-koelmel-s-768x561.jpg 768w, https:\/\/smk-art.de\/art\/wp-content\/uploads\/2023\/11\/tue-tue-vor-dm-susanne-mueller-koelmel-s-1536x1122.jpg 1536w, https:\/\/smk-art.de\/art\/wp-content\/uploads\/2023\/11\/tue-tue-vor-dm-susanne-mueller-koelmel-s-2048x1496.jpg 2048w\" sizes=\"auto, (max-width: 1024px) 100vw, 1024px\" \/><\/a><\/figure>\n\n\n\n<figure class=\"wp-block-image size-large\"><a href=\"https:\/\/smk-art.de\/art\/wp-content\/uploads\/2023\/11\/hunde-in-der-kunst-einladung-web-susanne-mueller-koelmel.jpg\"><img loading=\"lazy\" decoding=\"async\" width=\"960\" height=\"770\" data-id=\"6817\" src=\"https:\/\/smk-art.de\/art\/wp-content\/uploads\/2023\/11\/hunde-in-der-kunst-einladung-web-susanne-mueller-koelmel.jpg\" alt=\"\" class=\"wp-image-6817\" srcset=\"https:\/\/smk-art.de\/art\/wp-content\/uploads\/2023\/11\/hunde-in-der-kunst-einladung-web-susanne-mueller-koelmel.jpg 960w, https:\/\/smk-art.de\/art\/wp-content\/uploads\/2023\/11\/hunde-in-der-kunst-einladung-web-susanne-mueller-koelmel-300x241.jpg 300w, https:\/\/smk-art.de\/art\/wp-content\/uploads\/2023\/11\/hunde-in-der-kunst-einladung-web-susanne-mueller-koelmel-768x616.jpg 768w\" sizes=\"auto, (max-width: 960px) 100vw, 960px\" \/><\/a><\/figure>\n<\/figure>\n","protected":false},"excerpt":{"rendered":"<p>Jahresausstellung der AG Leverkusener K\u00fcnstler und G\u00e4ste 26. November bis 10. Dezember 2023 Ausstellungser\u00f6ffnung: Sonntag 26.11.2023, 11 Uhr. Es spricht Rainer Ernst Ohle Jahresausstellung der AG Leverkusener K\u00fcnstler und G\u00e4ste: Arentz Kurt | Birkenstock-Kotalla Heiderose \u2013 BiKo | Birkenstock | Karina | Chrobok Karl-Karol | Dorsch Hans Lothar | Loh-Bachmann Ellen \u2013 Eloba | Ernst [&hellip;]<\/p>\n","protected":false},"author":2,"featured_media":6893,"comment_status":"closed","ping_status":"","sticky":false,"template":"","format":"standard","meta":{"_uag_custom_page_level_css":"","pgc_sgb_lightbox_settings":"","ocean_post_layout":"","ocean_both_sidebars_style":"","ocean_both_sidebars_content_width":0,"ocean_both_sidebars_sidebars_width":0,"ocean_sidebar":"","ocean_second_sidebar":"","ocean_disable_margins":"enable","ocean_add_body_class":"","ocean_shortcode_before_top_bar":"","ocean_shortcode_after_top_bar":"","ocean_shortcode_before_header":"","ocean_shortcode_after_header":"","ocean_has_shortcode":"","ocean_shortcode_after_title":"","ocean_shortcode_before_footer_widgets":"","ocean_shortcode_after_footer_widgets":"","ocean_shortcode_before_footer_bottom":"","ocean_shortcode_after_footer_bottom":"","ocean_display_top_bar":"default","ocean_display_header":"default","ocean_header_style":"","ocean_center_header_left_menu":"","ocean_custom_header_template":"","ocean_custom_logo":0,"ocean_custom_retina_logo":0,"ocean_custom_logo_max_width":0,"ocean_custom_logo_tablet_max_width":0,"ocean_custom_logo_mobile_max_width":0,"ocean_custom_logo_max_height":0,"ocean_custom_logo_tablet_max_height":0,"ocean_custom_logo_mobile_max_height":0,"ocean_header_custom_menu":"","ocean_menu_typo_font_family":"","ocean_menu_typo_font_subset":"","ocean_menu_typo_font_size":0,"ocean_menu_typo_font_size_tablet":0,"ocean_menu_typo_font_size_mobile":0,"ocean_menu_typo_font_size_unit":"px","ocean_menu_typo_font_weight":"","ocean_menu_typo_font_weight_tablet":"","ocean_menu_typo_font_weight_mobile":"","ocean_menu_typo_transform":"","ocean_menu_typo_transform_tablet":"","ocean_menu_typo_transform_mobile":"","ocean_menu_typo_line_height":0,"ocean_menu_typo_line_height_tablet":0,"ocean_menu_typo_line_height_mobile":0,"ocean_menu_typo_line_height_unit":"","ocean_menu_typo_spacing":0,"ocean_menu_typo_spacing_tablet":0,"ocean_menu_typo_spacing_mobile":0,"ocean_menu_typo_spacing_unit":"","ocean_menu_link_color":"","ocean_menu_link_color_hover":"","ocean_menu_link_color_active":"","ocean_menu_link_background":"","ocean_menu_link_hover_background":"","ocean_menu_link_active_background":"","ocean_menu_social_links_bg":"","ocean_menu_social_hover_links_bg":"","ocean_menu_social_links_color":"","ocean_menu_social_hover_links_color":"","ocean_disable_title":"default","ocean_disable_heading":"default","ocean_post_title":"","ocean_post_subheading":"","ocean_post_title_style":"","ocean_post_title_background_color":"","ocean_post_title_background":0,"ocean_post_title_bg_image_position":"","ocean_post_title_bg_image_attachment":"","ocean_post_title_bg_image_repeat":"","ocean_post_title_bg_image_size":"","ocean_post_title_height":0,"ocean_post_title_bg_overlay":0.5,"ocean_post_title_bg_overlay_color":"","ocean_disable_breadcrumbs":"default","ocean_breadcrumbs_color":"","ocean_breadcrumbs_separator_color":"","ocean_breadcrumbs_links_color":"","ocean_breadcrumbs_links_hover_color":"","ocean_display_footer_widgets":"default","ocean_display_footer_bottom":"default","ocean_custom_footer_template":"","ocean_post_oembed":"","ocean_post_self_hosted_media":"","ocean_post_video_embed":"","ocean_link_format":"","ocean_link_format_target":"self","ocean_quote_format":"","ocean_quote_format_link":"post","ocean_gallery_link_images":"on","ocean_gallery_id":[],"footnotes":""},"categories":[6],"tags":[],"class_list":["post-6815","post","type-post","status-publish","format-standard","has-post-thumbnail","hentry","category-ausstellungen","entry","has-media"],"featured_image_src":"https:\/\/smk-art.de\/art\/wp-content\/uploads\/2023\/11\/hunde-in-der-kunst-leverkusen-susanne-mueller-koelmel5.jpg","author_info":{"display_name":"Susanne M\u00fcller-K\u00f6lmel","author_link":"https:\/\/smk-art.de\/art\/author\/susanne\/"},"uagb_featured_image_src":{"full":["https:\/\/smk-art.de\/art\/wp-content\/uploads\/2023\/11\/hunde-in-der-kunst-leverkusen-susanne-mueller-koelmel5.jpg",960,793,false],"thumbnail":["https:\/\/smk-art.de\/art\/wp-content\/uploads\/2023\/11\/hunde-in-der-kunst-leverkusen-susanne-mueller-koelmel5-280x280.jpg",280,280,true],"medium":["https:\/\/smk-art.de\/art\/wp-content\/uploads\/2023\/11\/hunde-in-der-kunst-leverkusen-susanne-mueller-koelmel5-300x248.jpg",300,248,true],"medium_large":["https:\/\/smk-art.de\/art\/wp-content\/uploads\/2023\/11\/hunde-in-der-kunst-leverkusen-susanne-mueller-koelmel5-768x634.jpg",768,634,true],"large":["https:\/\/smk-art.de\/art\/wp-content\/uploads\/2023\/11\/hunde-in-der-kunst-leverkusen-susanne-mueller-koelmel5.jpg",960,793,false],"1536x1536":["https:\/\/smk-art.de\/art\/wp-content\/uploads\/2023\/11\/hunde-in-der-kunst-leverkusen-susanne-mueller-koelmel5.jpg",960,793,false],"2048x2048":["https:\/\/smk-art.de\/art\/wp-content\/uploads\/2023\/11\/hunde-in-der-kunst-leverkusen-susanne-mueller-koelmel5.jpg",960,793,false],"ocean-thumb-m":["https:\/\/smk-art.de\/art\/wp-content\/uploads\/2023\/11\/hunde-in-der-kunst-leverkusen-susanne-mueller-koelmel5-600x600.jpg",600,600,true],"ocean-thumb-ml":["https:\/\/smk-art.de\/art\/wp-content\/uploads\/2023\/11\/hunde-in-der-kunst-leverkusen-susanne-mueller-koelmel5-800x450.jpg",800,450,true],"ocean-thumb-l":["https:\/\/smk-art.de\/art\/wp-content\/uploads\/2023\/11\/hunde-in-der-kunst-leverkusen-susanne-mueller-koelmel5-960x700.jpg",960,700,true]},"uagb_author_info":{"display_name":"Susanne M\u00fcller-K\u00f6lmel","author_link":"https:\/\/smk-art.de\/art\/author\/susanne\/"},"uagb_comment_info":0,"uagb_excerpt":"Jahresausstellung der AG Leverkusener K\u00fcnstler und G\u00e4ste 26. November bis 10. Dezember 2023 Ausstellungser\u00f6ffnung: Sonntag 26.11.2023, 11 Uhr. Es spricht Rainer Ernst Ohle Jahresausstellung der AG Leverkusener K\u00fcnstler und G\u00e4ste: Arentz Kurt | Birkenstock-Kotalla Heiderose \u2013 BiKo | Birkenstock | Karina | Chrobok Karl-Karol | Dorsch Hans Lothar | Loh-Bachmann Ellen \u2013 Eloba | Ernst&hellip;","_links":{"self":[{"href":"https:\/\/smk-art.de\/art\/wp-json\/wp\/v2\/posts\/6815","targetHints":{"allow":["GET"]}}],"collection":[{"href":"https:\/\/smk-art.de\/art\/wp-json\/wp\/v2\/posts"}],"about":[{"href":"https:\/\/smk-art.de\/art\/wp-json\/wp\/v2\/types\/post"}],"author":[{"embeddable":true,"href":"https:\/\/smk-art.de\/art\/wp-json\/wp\/v2\/users\/2"}],"replies":[{"embeddable":true,"href":"https:\/\/smk-art.de\/art\/wp-json\/wp\/v2\/comments?post=6815"}],"version-history":[{"count":3,"href":"https:\/\/smk-art.de\/art\/wp-json\/wp\/v2\/posts\/6815\/revisions"}],"predecessor-version":[{"id":6883,"href":"https:\/\/smk-art.de\/art\/wp-json\/wp\/v2\/posts\/6815\/revisions\/6883"}],"wp:featuredmedia":[{"embeddable":true,"href":"https:\/\/smk-art.de\/art\/wp-json\/wp\/v2\/media\/6893"}],"wp:attachment":[{"href":"https:\/\/smk-art.de\/art\/wp-json\/wp\/v2\/media?parent=6815"}],"wp:term":[{"taxonomy":"category","embeddable":true,"href":"https:\/\/smk-art.de\/art\/wp-json\/wp\/v2\/categories?post=6815"},{"taxonomy":"post_tag","embeddable":true,"href":"https:\/\/smk-art.de\/art\/wp-json\/wp\/v2\/tags?post=6815"}],"curies":[{"name":"wp","href":"https:\/\/api.w.org\/{rel}","templated":true}]}}