{"id":6926,"date":"2024-02-05T14:46:00","date_gmt":"2024-02-05T12:46:00","guid":{"rendered":"https:\/\/smk-art.de\/art\/?p=6926"},"modified":"2024-05-06T15:54:08","modified_gmt":"2024-05-06T13:54:08","slug":"forum-kunst-architektur-essen","status":"publish","type":"post","link":"https:\/\/smk-art.de\/art\/forum-kunst-architektur-essen\/","title":{"rendered":"klasse gemeistert"},"content":{"rendered":"\n<p>Ausstellung zu Ehren von&nbsp;Stephan Paul Schneider, dem&nbsp;Gr\u00fcnder und jahrelangen Leiter der fadbk Essen im <strong>Forum Kunst &amp; Architektur Essen<\/strong> vom<strong> 17.03. bis 21.04.2024<\/strong>.<\/p>\n\n\n\n<p><strong>Vernissage<\/strong><strong>:<\/strong>&nbsp;Sonntag, 17.03.2024, 15:00 Uhr<\/p>\n\n\n\n<figure class=\"wp-block-image size-full\"><img loading=\"lazy\" decoding=\"async\" width=\"768\" height=\"960\" src=\"https:\/\/smk-art.de\/art\/wp-content\/uploads\/2024\/01\/klasse-gemeistert-Einladung-fadbk-Namen-susanne-mueller-koelmel-klein.jpg\" alt=\"\" class=\"wp-image-7064\" srcset=\"https:\/\/smk-art.de\/art\/wp-content\/uploads\/2024\/01\/klasse-gemeistert-Einladung-fadbk-Namen-susanne-mueller-koelmel-klein.jpg 768w, https:\/\/smk-art.de\/art\/wp-content\/uploads\/2024\/01\/klasse-gemeistert-Einladung-fadbk-Namen-susanne-mueller-koelmel-klein-240x300.jpg 240w\" sizes=\"auto, (max-width: 768px) 100vw, 768px\" \/><\/figure>\n\n\n\n<p>Stephan P. Schneider hat mit dem Konzept der zun\u00e4chst privaten Hochschule wichtige Impulse f\u00fcr die bildenden K\u00fcnste in Essen und den umliegenden St\u00e4dten gesetzt. In einer Studierendenschaft im Alter von 18 bis 75 Jahren&nbsp;mit&nbsp;unterschiedlichsten&nbsp;Voraussetzungen&nbsp;entwickelten sich fruchtbare Reflexionen und Debatten rund um die Arbeiten der Studierenden und ihrer&nbsp;Lebenshintergr\u00fcnde. Viele&nbsp;haben sich als&nbsp;aktive und innovative K\u00fcnstler bzw. K\u00fcnstlerinnen im Kunstbetrieb etabliert und wirken in freien, selbst organisierten K\u00fcnstlergemeinschaften und Vereinen.<\/p>\n\n\n\n<p>Die Ausstellung zeigt Arbeiten von Alumni aus den letzten 20 Jahren im Forum f\u00fcr Kunst und Architektur Essen.&nbsp;Begr\u00fc\u00dfung: Karin Christoph, Vorsitzende Forum Kunst und Architektur Essen. Gru\u00dfworte der Stadt Essen: Anja Herzberg, Fachbereichsleiterin Kulturamt der Stadt Essen. R\u00fcckblick eines Weggef\u00e4hrten: Ulrich Erben, Professor (emeritiert) Kunstakademie M\u00fcnster&nbsp;<\/p>\n\n\n\n<p>Eine Ausstellung und W\u00fcrdigung an meinen hoch gesch\u00e4tzten Lehrmeister Stephan Paul Schneider. Er hat erst die freie Akademie der bildenden K\u00fcnste gegr\u00fcndet und ist Gr\u00fcndungsprofessor der Hochschule der bildenden K\u00fcnste Essen.<\/p>\n\n\n\n<figure class=\"wp-block-gallery has-nested-images columns-default is-cropped wp-block-gallery-1 is-layout-flex wp-block-gallery-is-layout-flex\">\n<figure class=\"wp-block-image size-large\"><img loading=\"lazy\" decoding=\"async\" width=\"959\" height=\"960\" data-id=\"7158\" src=\"https:\/\/smk-art.de\/art\/wp-content\/uploads\/2024\/04\/klasse-gemeistert-vernissage-susanne-mueller-koelmel-2024.jpg\" alt=\"\" class=\"wp-image-7158\" srcset=\"https:\/\/smk-art.de\/art\/wp-content\/uploads\/2024\/04\/klasse-gemeistert-vernissage-susanne-mueller-koelmel-2024.jpg 959w, https:\/\/smk-art.de\/art\/wp-content\/uploads\/2024\/04\/klasse-gemeistert-vernissage-susanne-mueller-koelmel-2024-300x300.jpg 300w, https:\/\/smk-art.de\/art\/wp-content\/uploads\/2024\/04\/klasse-gemeistert-vernissage-susanne-mueller-koelmel-2024-280x280.jpg 280w, https:\/\/smk-art.de\/art\/wp-content\/uploads\/2024\/04\/klasse-gemeistert-vernissage-susanne-mueller-koelmel-2024-768x769.jpg 768w, https:\/\/smk-art.de\/art\/wp-content\/uploads\/2024\/04\/klasse-gemeistert-vernissage-susanne-mueller-koelmel-2024-600x600.jpg 600w\" sizes=\"auto, (max-width: 959px) 100vw, 959px\" \/><\/figure>\n<\/figure>\n\n\n\n<figure class=\"wp-block-gallery has-nested-images columns-4 is-cropped wp-block-gallery-2 is-layout-flex wp-block-gallery-is-layout-flex\">\n<figure class=\"wp-block-image size-large\"><img loading=\"lazy\" decoding=\"async\" width=\"960\" height=\"810\" data-id=\"7117\" src=\"https:\/\/smk-art.de\/art\/wp-content\/uploads\/2024\/03\/fadbk-memorialbook-stephan-p-schneider-susanne-mueller-koelmel-2013-sw-k.jpg\" alt=\"\" class=\"wp-image-7117\" srcset=\"https:\/\/smk-art.de\/art\/wp-content\/uploads\/2024\/03\/fadbk-memorialbook-stephan-p-schneider-susanne-mueller-koelmel-2013-sw-k.jpg 960w, https:\/\/smk-art.de\/art\/wp-content\/uploads\/2024\/03\/fadbk-memorialbook-stephan-p-schneider-susanne-mueller-koelmel-2013-sw-k-300x253.jpg 300w, https:\/\/smk-art.de\/art\/wp-content\/uploads\/2024\/03\/fadbk-memorialbook-stephan-p-schneider-susanne-mueller-koelmel-2013-sw-k-768x648.jpg 768w\" sizes=\"auto, (max-width: 960px) 100vw, 960px\" \/><\/figure>\n\n\n\n<figure class=\"wp-block-image size-large\"><img loading=\"lazy\" decoding=\"async\" width=\"664\" height=\"960\" data-id=\"7119\" src=\"https:\/\/smk-art.de\/art\/wp-content\/uploads\/2024\/03\/memorialbook-susanne-mueller-koelmel-2013-sw-k.jpg\" alt=\"\" class=\"wp-image-7119\" srcset=\"https:\/\/smk-art.de\/art\/wp-content\/uploads\/2024\/03\/memorialbook-susanne-mueller-koelmel-2013-sw-k.jpg 664w, https:\/\/smk-art.de\/art\/wp-content\/uploads\/2024\/03\/memorialbook-susanne-mueller-koelmel-2013-sw-k-208x300.jpg 208w\" sizes=\"auto, (max-width: 664px) 100vw, 664px\" \/><\/figure>\n\n\n\n<figure class=\"wp-block-image size-large\"><img loading=\"lazy\" decoding=\"async\" width=\"960\" height=\"665\" data-id=\"7118\" src=\"https:\/\/smk-art.de\/art\/wp-content\/uploads\/2024\/03\/memorialbook-stephan-p-schneider-susanne-mueller-koelmel-2013-sw-k.jpg\" alt=\"\" class=\"wp-image-7118\" srcset=\"https:\/\/smk-art.de\/art\/wp-content\/uploads\/2024\/03\/memorialbook-stephan-p-schneider-susanne-mueller-koelmel-2013-sw-k.jpg 960w, https:\/\/smk-art.de\/art\/wp-content\/uploads\/2024\/03\/memorialbook-stephan-p-schneider-susanne-mueller-koelmel-2013-sw-k-300x208.jpg 300w, https:\/\/smk-art.de\/art\/wp-content\/uploads\/2024\/03\/memorialbook-stephan-p-schneider-susanne-mueller-koelmel-2013-sw-k-768x532.jpg 768w\" sizes=\"auto, (max-width: 960px) 100vw, 960px\" \/><\/figure>\n\n\n\n<figure class=\"wp-block-image size-large\"><img loading=\"lazy\" decoding=\"async\" width=\"683\" height=\"960\" data-id=\"7116\" src=\"https:\/\/smk-art.de\/art\/wp-content\/uploads\/2024\/03\/fadbk-memorialbook-stephan-p-schneider-susanne-mueller-koelmel-2013-3-sw-k.jpg\" alt=\"\" class=\"wp-image-7116\" srcset=\"https:\/\/smk-art.de\/art\/wp-content\/uploads\/2024\/03\/fadbk-memorialbook-stephan-p-schneider-susanne-mueller-koelmel-2013-3-sw-k.jpg 683w, https:\/\/smk-art.de\/art\/wp-content\/uploads\/2024\/03\/fadbk-memorialbook-stephan-p-schneider-susanne-mueller-koelmel-2013-3-sw-k-213x300.jpg 213w\" sizes=\"auto, (max-width: 683px) 100vw, 683px\" \/><\/figure>\n<\/figure>\n\n\n\n<p>Impressionen  Vernissage  Forum Kunst und Architektur 2024\/ fadbk 2013 mit Stephan Paul Schneider, Wolfgang Hambrecht, Nicola Schrudde und Kommilitoninnen<\/p>\n","protected":false},"excerpt":{"rendered":"<p>Ausstellung zu Ehren von&nbsp;Stephan Paul Schneider, dem&nbsp;Gr\u00fcnder und jahrelangen Leiter der fadbk Essen im Forum Kunst &amp; Architektur Essen vom 17.03. bis 21.04.2024. Vernissage:&nbsp;Sonntag, 17.03.2024, 15:00 Uhr Stephan P. Schneider hat mit dem Konzept der zun\u00e4chst privaten Hochschule wichtige Impulse f\u00fcr die bildenden K\u00fcnste in Essen und den umliegenden St\u00e4dten gesetzt. In einer Studierendenschaft im [&hellip;]<\/p>\n","protected":false},"author":2,"featured_media":7149,"comment_status":"closed","ping_status":"","sticky":false,"template":"","format":"standard","meta":{"_uag_custom_page_level_css":"","pgc_sgb_lightbox_settings":"","ocean_post_layout":"","ocean_both_sidebars_style":"","ocean_both_sidebars_content_width":0,"ocean_both_sidebars_sidebars_width":0,"ocean_sidebar":"","ocean_second_sidebar":"","ocean_disable_margins":"enable","ocean_add_body_class":"","ocean_shortcode_before_top_bar":"","ocean_shortcode_after_top_bar":"","ocean_shortcode_before_header":"","ocean_shortcode_after_header":"","ocean_has_shortcode":"","ocean_shortcode_after_title":"","ocean_shortcode_before_footer_widgets":"","ocean_shortcode_after_footer_widgets":"","ocean_shortcode_before_footer_bottom":"","ocean_shortcode_after_footer_bottom":"","ocean_display_top_bar":"default","ocean_display_header":"default","ocean_header_style":"","ocean_center_header_left_menu":"","ocean_custom_header_template":"","ocean_custom_logo":0,"ocean_custom_retina_logo":0,"ocean_custom_logo_max_width":0,"ocean_custom_logo_tablet_max_width":0,"ocean_custom_logo_mobile_max_width":0,"ocean_custom_logo_max_height":0,"ocean_custom_logo_tablet_max_height":0,"ocean_custom_logo_mobile_max_height":0,"ocean_header_custom_menu":"","ocean_menu_typo_font_family":"","ocean_menu_typo_font_subset":"","ocean_menu_typo_font_size":0,"ocean_menu_typo_font_size_tablet":0,"ocean_menu_typo_font_size_mobile":0,"ocean_menu_typo_font_size_unit":"px","ocean_menu_typo_font_weight":"","ocean_menu_typo_font_weight_tablet":"","ocean_menu_typo_font_weight_mobile":"","ocean_menu_typo_transform":"","ocean_menu_typo_transform_tablet":"","ocean_menu_typo_transform_mobile":"","ocean_menu_typo_line_height":0,"ocean_menu_typo_line_height_tablet":0,"ocean_menu_typo_line_height_mobile":0,"ocean_menu_typo_line_height_unit":"","ocean_menu_typo_spacing":0,"ocean_menu_typo_spacing_tablet":0,"ocean_menu_typo_spacing_mobile":0,"ocean_menu_typo_spacing_unit":"","ocean_menu_link_color":"","ocean_menu_link_color_hover":"","ocean_menu_link_color_active":"","ocean_menu_link_background":"","ocean_menu_link_hover_background":"","ocean_menu_link_active_background":"","ocean_menu_social_links_bg":"","ocean_menu_social_hover_links_bg":"","ocean_menu_social_links_color":"","ocean_menu_social_hover_links_color":"","ocean_disable_title":"default","ocean_disable_heading":"default","ocean_post_title":"","ocean_post_subheading":"","ocean_post_title_style":"","ocean_post_title_background_color":"","ocean_post_title_background":0,"ocean_post_title_bg_image_position":"","ocean_post_title_bg_image_attachment":"","ocean_post_title_bg_image_repeat":"","ocean_post_title_bg_image_size":"","ocean_post_title_height":0,"ocean_post_title_bg_overlay":0.5,"ocean_post_title_bg_overlay_color":"","ocean_disable_breadcrumbs":"default","ocean_breadcrumbs_color":"","ocean_breadcrumbs_separator_color":"","ocean_breadcrumbs_links_color":"","ocean_breadcrumbs_links_hover_color":"","ocean_display_footer_widgets":"default","ocean_display_footer_bottom":"default","ocean_custom_footer_template":"","ocean_post_oembed":"","ocean_post_self_hosted_media":"","ocean_post_video_embed":"","ocean_link_format":"","ocean_link_format_target":"self","ocean_quote_format":"","ocean_quote_format_link":"post","ocean_gallery_link_images":"on","ocean_gallery_id":[],"footnotes":""},"categories":[6,22],"tags":[],"class_list":["post-6926","post","type-post","status-publish","format-standard","has-post-thumbnail","hentry","category-ausstellungen","category-rueckblick","entry","has-media"],"featured_image_src":"https:\/\/smk-art.de\/art\/wp-content\/uploads\/2024\/03\/klasse-gemeistert-forum-kunst-architektur1-susanne-mueller-koelmel-klein.jpg","author_info":{"display_name":"Susanne M\u00fcller-K\u00f6lmel","author_link":"https:\/\/smk-art.de\/art\/author\/susanne\/"},"uagb_featured_image_src":{"full":["https:\/\/smk-art.de\/art\/wp-content\/uploads\/2024\/03\/klasse-gemeistert-forum-kunst-architektur1-susanne-mueller-koelmel-klein.jpg",960,654,false],"thumbnail":["https:\/\/smk-art.de\/art\/wp-content\/uploads\/2024\/03\/klasse-gemeistert-forum-kunst-architektur1-susanne-mueller-koelmel-klein-280x280.jpg",280,280,true],"medium":["https:\/\/smk-art.de\/art\/wp-content\/uploads\/2024\/03\/klasse-gemeistert-forum-kunst-architektur1-susanne-mueller-koelmel-klein-300x204.jpg",300,204,true],"medium_large":["https:\/\/smk-art.de\/art\/wp-content\/uploads\/2024\/03\/klasse-gemeistert-forum-kunst-architektur1-susanne-mueller-koelmel-klein-768x523.jpg",768,523,true],"large":["https:\/\/smk-art.de\/art\/wp-content\/uploads\/2024\/03\/klasse-gemeistert-forum-kunst-architektur1-susanne-mueller-koelmel-klein.jpg",960,654,false],"1536x1536":["https:\/\/smk-art.de\/art\/wp-content\/uploads\/2024\/03\/klasse-gemeistert-forum-kunst-architektur1-susanne-mueller-koelmel-klein.jpg",960,654,false],"2048x2048":["https:\/\/smk-art.de\/art\/wp-content\/uploads\/2024\/03\/klasse-gemeistert-forum-kunst-architektur1-susanne-mueller-koelmel-klein.jpg",960,654,false],"ocean-thumb-m":["https:\/\/smk-art.de\/art\/wp-content\/uploads\/2024\/03\/klasse-gemeistert-forum-kunst-architektur1-susanne-mueller-koelmel-klein-600x600.jpg",600,600,true],"ocean-thumb-ml":["https:\/\/smk-art.de\/art\/wp-content\/uploads\/2024\/03\/klasse-gemeistert-forum-kunst-architektur1-susanne-mueller-koelmel-klein-800x450.jpg",800,450,true],"ocean-thumb-l":["https:\/\/smk-art.de\/art\/wp-content\/uploads\/2024\/03\/klasse-gemeistert-forum-kunst-architektur1-susanne-mueller-koelmel-klein.jpg",960,654,false]},"uagb_author_info":{"display_name":"Susanne M\u00fcller-K\u00f6lmel","author_link":"https:\/\/smk-art.de\/art\/author\/susanne\/"},"uagb_comment_info":0,"uagb_excerpt":"Ausstellung zu Ehren von&nbsp;Stephan Paul Schneider, dem&nbsp;Gr\u00fcnder und jahrelangen Leiter der fadbk Essen im Forum Kunst &amp; Architektur Essen vom 17.03. bis 21.04.2024. Vernissage:&nbsp;Sonntag, 17.03.2024, 15:00 Uhr Stephan P. Schneider hat mit dem Konzept der zun\u00e4chst privaten Hochschule wichtige Impulse f\u00fcr die bildenden K\u00fcnste in Essen und den umliegenden St\u00e4dten gesetzt. In einer Studierendenschaft im&hellip;","_links":{"self":[{"href":"https:\/\/smk-art.de\/art\/wp-json\/wp\/v2\/posts\/6926","targetHints":{"allow":["GET"]}}],"collection":[{"href":"https:\/\/smk-art.de\/art\/wp-json\/wp\/v2\/posts"}],"about":[{"href":"https:\/\/smk-art.de\/art\/wp-json\/wp\/v2\/types\/post"}],"author":[{"embeddable":true,"href":"https:\/\/smk-art.de\/art\/wp-json\/wp\/v2\/users\/2"}],"replies":[{"embeddable":true,"href":"https:\/\/smk-art.de\/art\/wp-json\/wp\/v2\/comments?post=6926"}],"version-history":[{"count":6,"href":"https:\/\/smk-art.de\/art\/wp-json\/wp\/v2\/posts\/6926\/revisions"}],"predecessor-version":[{"id":7165,"href":"https:\/\/smk-art.de\/art\/wp-json\/wp\/v2\/posts\/6926\/revisions\/7165"}],"wp:featuredmedia":[{"embeddable":true,"href":"https:\/\/smk-art.de\/art\/wp-json\/wp\/v2\/media\/7149"}],"wp:attachment":[{"href":"https:\/\/smk-art.de\/art\/wp-json\/wp\/v2\/media?parent=6926"}],"wp:term":[{"taxonomy":"category","embeddable":true,"href":"https:\/\/smk-art.de\/art\/wp-json\/wp\/v2\/categories?post=6926"},{"taxonomy":"post_tag","embeddable":true,"href":"https:\/\/smk-art.de\/art\/wp-json\/wp\/v2\/tags?post=6926"}],"curies":[{"name":"wp","href":"https:\/\/api.w.org\/{rel}","templated":true}]}}