{"id":6928,"date":"2024-03-01T14:49:00","date_gmt":"2024-03-01T12:49:00","guid":{"rendered":"https:\/\/smk-art.de\/art\/?p=6928"},"modified":"2024-04-03T14:57:30","modified_gmt":"2024-04-03T12:57:30","slug":"schutztraeume","status":"publish","type":"post","link":"https:\/\/smk-art.de\/art\/schutztraeume\/","title":{"rendered":"SCHUTZ[T]R\u00c4UME"},"content":{"rendered":"\n<p>JAHRESSCHAU  VEREIN SOLINGER K\u00dcNSTLER e.V. IM KUNSTMUSEUM SOLINGEN<\/p>\n\n\n\n<figure class=\"wp-block-gallery has-nested-images columns-2 is-cropped wp-block-gallery-1 is-layout-flex wp-block-gallery-is-layout-flex\">\n<figure class=\"wp-block-image size-full\"><a href=\"https:\/\/smk-art.de\/art\/wp-content\/uploads\/2024\/02\/lost-places-schutzutraeume-kunstmuseum-solingen-2024-susanne-mueller-koelmel.jpg\"><img loading=\"lazy\" decoding=\"async\" width=\"960\" height=\"893\" data-id=\"7101\" src=\"https:\/\/smk-art.de\/art\/wp-content\/uploads\/2024\/02\/lost-places-schutzutraeume-kunstmuseum-solingen-2024-susanne-mueller-koelmel.jpg\" alt=\"\" class=\"wp-image-7101\" srcset=\"https:\/\/smk-art.de\/art\/wp-content\/uploads\/2024\/02\/lost-places-schutzutraeume-kunstmuseum-solingen-2024-susanne-mueller-koelmel.jpg 960w, https:\/\/smk-art.de\/art\/wp-content\/uploads\/2024\/02\/lost-places-schutzutraeume-kunstmuseum-solingen-2024-susanne-mueller-koelmel-300x279.jpg 300w, https:\/\/smk-art.de\/art\/wp-content\/uploads\/2024\/02\/lost-places-schutzutraeume-kunstmuseum-solingen-2024-susanne-mueller-koelmel-768x714.jpg 768w\" sizes=\"auto, (max-width: 960px) 100vw, 960px\" \/><\/a><\/figure>\n<\/figure>\n\n\n\n<p><a href=\"https:\/\/youtu.be\/Ktxy2F5cxmA\" target=\"_blank\" rel=\"noreferrer noopener\">Lost Places<\/a> Solingen<\/p>\n\n\n\n<p><a href=\"https:\/\/www1.wdr.de\/lokalzeit\/fernsehen\/bergisches-land\/lokalzeit-bergisches-land-clip-lokalzeit-bergisches-land--11-03-2024-102.html\" target=\"_blank\" rel=\"noreferrer noopener\">Lokalzeit Bergisches Land | 12.03.2024 <\/a>| 18:41| Verein Solinger K\u00fcnstler.V.  stellt im Kunstmuseum Solingen aus<\/p>\n\n\n\n<p>Dauer der Ausstellung: 24.02.\u201317.03.2024<\/p>\n\n\n\n<p>Vernissage: Samstag, 24. Februar, 17 Uhr \u2013 Gru\u00dfwort: Tim Kurzbach, Oberb\u00fcrgermeister der Stadt Solingen, Musik: Jazztrio Three In A Tree Ort:&nbsp;<\/p>\n\n\n\n<p>Kunstmuseum Solingen, Wuppertaler Stra\u00dfe 160, 42653 Solingen&nbsp;<\/p>\n\n\n\n<p>\u00d6ffnungszeiten: T\u00e4glich von 10\u201317 Uhr au\u00dfer montags&nbsp;<\/p>\n\n\n\n<p>F\u00fchrungen: Sonntags 11:15 und 14:15 Uhr sowie nach Vereinbarung<\/p>\n","protected":false},"excerpt":{"rendered":"<p>JAHRESSCHAU VEREIN SOLINGER K\u00dcNSTLER e.V. IM KUNSTMUSEUM SOLINGEN Lost Places Solingen Lokalzeit Bergisches Land | 12.03.2024 | 18:41| Verein Solinger K\u00fcnstler.V. stellt im Kunstmuseum Solingen aus Dauer der Ausstellung: 24.02.\u201317.03.2024 Vernissage: Samstag, 24. Februar, 17 Uhr \u2013 Gru\u00dfwort: Tim Kurzbach, Oberb\u00fcrgermeister der Stadt Solingen, Musik: Jazztrio Three In A Tree Ort:&nbsp; Kunstmuseum Solingen, Wuppertaler Stra\u00dfe [&hellip;]<\/p>\n","protected":false},"author":2,"featured_media":6909,"comment_status":"closed","ping_status":"","sticky":false,"template":"","format":"standard","meta":{"_uag_custom_page_level_css":"","pgc_sgb_lightbox_settings":"","ocean_post_layout":"","ocean_both_sidebars_style":"","ocean_both_sidebars_content_width":0,"ocean_both_sidebars_sidebars_width":0,"ocean_sidebar":"","ocean_second_sidebar":"","ocean_disable_margins":"enable","ocean_add_body_class":"","ocean_shortcode_before_top_bar":"","ocean_shortcode_after_top_bar":"","ocean_shortcode_before_header":"","ocean_shortcode_after_header":"","ocean_has_shortcode":"","ocean_shortcode_after_title":"","ocean_shortcode_before_footer_widgets":"","ocean_shortcode_after_footer_widgets":"","ocean_shortcode_before_footer_bottom":"","ocean_shortcode_after_footer_bottom":"","ocean_display_top_bar":"default","ocean_display_header":"default","ocean_header_style":"","ocean_center_header_left_menu":"","ocean_custom_header_template":"","ocean_custom_logo":0,"ocean_custom_retina_logo":0,"ocean_custom_logo_max_width":0,"ocean_custom_logo_tablet_max_width":0,"ocean_custom_logo_mobile_max_width":0,"ocean_custom_logo_max_height":0,"ocean_custom_logo_tablet_max_height":0,"ocean_custom_logo_mobile_max_height":0,"ocean_header_custom_menu":"","ocean_menu_typo_font_family":"","ocean_menu_typo_font_subset":"","ocean_menu_typo_font_size":0,"ocean_menu_typo_font_size_tablet":0,"ocean_menu_typo_font_size_mobile":0,"ocean_menu_typo_font_size_unit":"px","ocean_menu_typo_font_weight":"","ocean_menu_typo_font_weight_tablet":"","ocean_menu_typo_font_weight_mobile":"","ocean_menu_typo_transform":"","ocean_menu_typo_transform_tablet":"","ocean_menu_typo_transform_mobile":"","ocean_menu_typo_line_height":0,"ocean_menu_typo_line_height_tablet":0,"ocean_menu_typo_line_height_mobile":0,"ocean_menu_typo_line_height_unit":"","ocean_menu_typo_spacing":0,"ocean_menu_typo_spacing_tablet":0,"ocean_menu_typo_spacing_mobile":0,"ocean_menu_typo_spacing_unit":"","ocean_menu_link_color":"","ocean_menu_link_color_hover":"","ocean_menu_link_color_active":"","ocean_menu_link_background":"","ocean_menu_link_hover_background":"","ocean_menu_link_active_background":"","ocean_menu_social_links_bg":"","ocean_menu_social_hover_links_bg":"","ocean_menu_social_links_color":"","ocean_menu_social_hover_links_color":"","ocean_disable_title":"default","ocean_disable_heading":"default","ocean_post_title":"","ocean_post_subheading":"","ocean_post_title_style":"","ocean_post_title_background_color":"","ocean_post_title_background":0,"ocean_post_title_bg_image_position":"","ocean_post_title_bg_image_attachment":"","ocean_post_title_bg_image_repeat":"","ocean_post_title_bg_image_size":"","ocean_post_title_height":0,"ocean_post_title_bg_overlay":0.5,"ocean_post_title_bg_overlay_color":"","ocean_disable_breadcrumbs":"default","ocean_breadcrumbs_color":"","ocean_breadcrumbs_separator_color":"","ocean_breadcrumbs_links_color":"","ocean_breadcrumbs_links_hover_color":"","ocean_display_footer_widgets":"default","ocean_display_footer_bottom":"default","ocean_custom_footer_template":"","ocean_post_oembed":"","ocean_post_self_hosted_media":"","ocean_post_video_embed":"","ocean_link_format":"","ocean_link_format_target":"self","ocean_quote_format":"","ocean_quote_format_link":"post","ocean_gallery_link_images":"on","ocean_gallery_id":[],"footnotes":""},"categories":[6,22],"tags":[],"class_list":["post-6928","post","type-post","status-publish","format-standard","has-post-thumbnail","hentry","category-ausstellungen","category-rueckblick","entry","has-media"],"featured_image_src":"https:\/\/smk-art.de\/art\/wp-content\/uploads\/2024\/01\/schutztraeume-sk-jahresschau-2024-susanne-mueller-koelmel-1.jpg","author_info":{"display_name":"Susanne M\u00fcller-K\u00f6lmel","author_link":"https:\/\/smk-art.de\/art\/author\/susanne\/"},"uagb_featured_image_src":{"full":["https:\/\/smk-art.de\/art\/wp-content\/uploads\/2024\/01\/schutztraeume-sk-jahresschau-2024-susanne-mueller-koelmel-1.jpg",1972,1235,false],"thumbnail":["https:\/\/smk-art.de\/art\/wp-content\/uploads\/2024\/01\/schutztraeume-sk-jahresschau-2024-susanne-mueller-koelmel-1-280x280.jpg",280,280,true],"medium":["https:\/\/smk-art.de\/art\/wp-content\/uploads\/2024\/01\/schutztraeume-sk-jahresschau-2024-susanne-mueller-koelmel-1-300x188.jpg",300,188,true],"medium_large":["https:\/\/smk-art.de\/art\/wp-content\/uploads\/2024\/01\/schutztraeume-sk-jahresschau-2024-susanne-mueller-koelmel-1-768x481.jpg",768,481,true],"large":["https:\/\/smk-art.de\/art\/wp-content\/uploads\/2024\/01\/schutztraeume-sk-jahresschau-2024-susanne-mueller-koelmel-1-1024x641.jpg",1024,641,true],"1536x1536":["https:\/\/smk-art.de\/art\/wp-content\/uploads\/2024\/01\/schutztraeume-sk-jahresschau-2024-susanne-mueller-koelmel-1-1536x962.jpg",1536,962,true],"2048x2048":["https:\/\/smk-art.de\/art\/wp-content\/uploads\/2024\/01\/schutztraeume-sk-jahresschau-2024-susanne-mueller-koelmel-1.jpg",1972,1235,false],"ocean-thumb-m":["https:\/\/smk-art.de\/art\/wp-content\/uploads\/2024\/01\/schutztraeume-sk-jahresschau-2024-susanne-mueller-koelmel-1-600x600.jpg",600,600,true],"ocean-thumb-ml":["https:\/\/smk-art.de\/art\/wp-content\/uploads\/2024\/01\/schutztraeume-sk-jahresschau-2024-susanne-mueller-koelmel-1-800x450.jpg",800,450,true],"ocean-thumb-l":["https:\/\/smk-art.de\/art\/wp-content\/uploads\/2024\/01\/schutztraeume-sk-jahresschau-2024-susanne-mueller-koelmel-1-1200x700.jpg",1200,700,true]},"uagb_author_info":{"display_name":"Susanne M\u00fcller-K\u00f6lmel","author_link":"https:\/\/smk-art.de\/art\/author\/susanne\/"},"uagb_comment_info":0,"uagb_excerpt":"JAHRESSCHAU VEREIN SOLINGER K\u00dcNSTLER e.V. IM KUNSTMUSEUM SOLINGEN Lost Places Solingen Lokalzeit Bergisches Land | 12.03.2024 | 18:41| Verein Solinger K\u00fcnstler.V. stellt im Kunstmuseum Solingen aus Dauer der Ausstellung: 24.02.\u201317.03.2024 Vernissage: Samstag, 24. Februar, 17 Uhr \u2013 Gru\u00dfwort: Tim Kurzbach, Oberb\u00fcrgermeister der Stadt Solingen, Musik: Jazztrio Three In A Tree Ort:&nbsp; Kunstmuseum Solingen, Wuppertaler Stra\u00dfe&hellip;","_links":{"self":[{"href":"https:\/\/smk-art.de\/art\/wp-json\/wp\/v2\/posts\/6928","targetHints":{"allow":["GET"]}}],"collection":[{"href":"https:\/\/smk-art.de\/art\/wp-json\/wp\/v2\/posts"}],"about":[{"href":"https:\/\/smk-art.de\/art\/wp-json\/wp\/v2\/types\/post"}],"author":[{"embeddable":true,"href":"https:\/\/smk-art.de\/art\/wp-json\/wp\/v2\/users\/2"}],"replies":[{"embeddable":true,"href":"https:\/\/smk-art.de\/art\/wp-json\/wp\/v2\/comments?post=6928"}],"version-history":[{"count":11,"href":"https:\/\/smk-art.de\/art\/wp-json\/wp\/v2\/posts\/6928\/revisions"}],"predecessor-version":[{"id":7139,"href":"https:\/\/smk-art.de\/art\/wp-json\/wp\/v2\/posts\/6928\/revisions\/7139"}],"wp:featuredmedia":[{"embeddable":true,"href":"https:\/\/smk-art.de\/art\/wp-json\/wp\/v2\/media\/6909"}],"wp:attachment":[{"href":"https:\/\/smk-art.de\/art\/wp-json\/wp\/v2\/media?parent=6928"}],"wp:term":[{"taxonomy":"category","embeddable":true,"href":"https:\/\/smk-art.de\/art\/wp-json\/wp\/v2\/categories?post=6928"},{"taxonomy":"post_tag","embeddable":true,"href":"https:\/\/smk-art.de\/art\/wp-json\/wp\/v2\/tags?post=6928"}],"curies":[{"name":"wp","href":"https:\/\/api.w.org\/{rel}","templated":true}]}}