{"id":7134,"date":"2024-06-10T15:01:32","date_gmt":"2024-06-10T13:01:32","guid":{"rendered":"https:\/\/smk-art.de\/art\/?p=7134"},"modified":"2025-02-04T16:39:50","modified_gmt":"2025-02-04T14:39:50","slug":"life-line","status":"publish","type":"post","link":"https:\/\/smk-art.de\/art\/life-line\/","title":{"rendered":"life line"},"content":{"rendered":"\n<p>Malerei | Grafik | Objekt | k\u00fcnstlerische Lebenszeichen<\/p>\n\n\n\n<p>Dauer der Ausstellung: 19.04.\u201309.08.2024&nbsp;<\/p>\n\n\n\n<p>Vernissage: Freitag 19.4.2024, 19 Uhr&nbsp;<\/p>\n\n\n\n<p>Der Ausstellungstitel \u201elife line\u201c ist f\u00fcr Susanne M\u00fcller-K\u00f6lmels Kunst Programm. Denn nicht nur, dass Kunst f\u00fcr sie eine Lebensnotwendigkeit ist, sondern sie verarbeitet in ihrer Kunst auch die gro\u00dfen Lebensthemen. Gew\u00fcrzt mit eine Prise Humor und Poesie spannen ihre Themenkomplexe den Bogen zwischen Fremdheit und Zugeh\u00f6rigkeit, zwischen Flucht und Ankommen, zwischen Leben und Tod. Daf\u00fcr steht besonders ihr Memorial Book Projekt, in dem sie seit 2010 jeden Tag des Jahres in einem Bild festh\u00e4lt.<\/p>\n\n\n\n<p>Ort: <a href=\"https:\/\/heinekamp-und-zielke.de\/category\/kunst-in-der-kanzlei\/\" target=\"_blank\" rel=\"noreferrer noopener\">Kunst in der Kanzlei, Heinekamp und Zielke<\/a>, Steuerberatung\/Consulting, Dycker Feld 80, 42653 Solingen \u00d6ffnungszeiten: Montag bis Donnerstag, 8\u201317 Uhr Freitag, 8\u201314 Uhr&nbsp;<\/p>\n\n\n\n<p>Kontakt: heinekamp-und-zielke.de<\/p>\n\n\n\n<figure class=\"wp-block-gallery has-nested-images columns-default is-cropped wp-block-gallery-1 is-layout-flex wp-block-gallery-is-layout-flex\">\n<figure class=\"wp-block-image size-large\"><a href=\"https:\/\/smk-art.de\/art\/wp-content\/uploads\/2024\/05\/entre-empfang-life-line-susanne-mueller-koelmel-s.jpg\"><img loading=\"lazy\" decoding=\"async\" width=\"960\" height=\"791\" data-id=\"7335\" src=\"https:\/\/smk-art.de\/art\/wp-content\/uploads\/2024\/05\/entre-empfang-life-line-susanne-mueller-koelmel-s.jpg\" alt=\"\" class=\"wp-image-7335\" srcset=\"https:\/\/smk-art.de\/art\/wp-content\/uploads\/2024\/05\/entre-empfang-life-line-susanne-mueller-koelmel-s.jpg 960w, https:\/\/smk-art.de\/art\/wp-content\/uploads\/2024\/05\/entre-empfang-life-line-susanne-mueller-koelmel-s-300x247.jpg 300w, https:\/\/smk-art.de\/art\/wp-content\/uploads\/2024\/05\/entre-empfang-life-line-susanne-mueller-koelmel-s-768x633.jpg 768w\" sizes=\"auto, (max-width: 960px) 100vw, 960px\" \/><\/a><\/figure>\n\n\n\n<figure class=\"wp-block-image size-large\"><a href=\"https:\/\/smk-art.de\/art\/wp-content\/uploads\/2024\/05\/besprechungsraum-patternscapes-susanne-mueller-koelmel-scaled.jpeg\"><img loading=\"lazy\" decoding=\"async\" width=\"1024\" height=\"763\" data-id=\"7325\" src=\"https:\/\/smk-art.de\/art\/wp-content\/uploads\/2024\/05\/besprechungsraum-patternscapes-susanne-mueller-koelmel-1024x763.jpeg\" alt=\"\" class=\"wp-image-7325\" srcset=\"https:\/\/smk-art.de\/art\/wp-content\/uploads\/2024\/05\/besprechungsraum-patternscapes-susanne-mueller-koelmel-1024x763.jpeg 1024w, https:\/\/smk-art.de\/art\/wp-content\/uploads\/2024\/05\/besprechungsraum-patternscapes-susanne-mueller-koelmel-300x224.jpeg 300w, https:\/\/smk-art.de\/art\/wp-content\/uploads\/2024\/05\/besprechungsraum-patternscapes-susanne-mueller-koelmel-768x572.jpeg 768w, https:\/\/smk-art.de\/art\/wp-content\/uploads\/2024\/05\/besprechungsraum-patternscapes-susanne-mueller-koelmel-1536x1145.jpeg 1536w, https:\/\/smk-art.de\/art\/wp-content\/uploads\/2024\/05\/besprechungsraum-patternscapes-susanne-mueller-koelmel-2048x1526.jpeg 2048w\" sizes=\"auto, (max-width: 1024px) 100vw, 1024px\" \/><\/a><\/figure>\n\n\n\n<figure class=\"wp-block-image size-large\"><a href=\"https:\/\/smk-art.de\/art\/wp-content\/uploads\/2024\/05\/treppenhaus-memorialbooks-susanne-mueller-koelmel-scaled.jpeg\"><img loading=\"lazy\" decoding=\"async\" width=\"768\" height=\"1024\" data-id=\"7334\" src=\"https:\/\/smk-art.de\/art\/wp-content\/uploads\/2024\/05\/treppenhaus-memorialbooks-susanne-mueller-koelmel-768x1024.jpeg\" alt=\"\" class=\"wp-image-7334\" srcset=\"https:\/\/smk-art.de\/art\/wp-content\/uploads\/2024\/05\/treppenhaus-memorialbooks-susanne-mueller-koelmel-768x1024.jpeg 768w, https:\/\/smk-art.de\/art\/wp-content\/uploads\/2024\/05\/treppenhaus-memorialbooks-susanne-mueller-koelmel-225x300.jpeg 225w, https:\/\/smk-art.de\/art\/wp-content\/uploads\/2024\/05\/treppenhaus-memorialbooks-susanne-mueller-koelmel-1152x1536.jpeg 1152w, https:\/\/smk-art.de\/art\/wp-content\/uploads\/2024\/05\/treppenhaus-memorialbooks-susanne-mueller-koelmel-1536x2048.jpeg 1536w, https:\/\/smk-art.de\/art\/wp-content\/uploads\/2024\/05\/treppenhaus-memorialbooks-susanne-mueller-koelmel-scaled.jpeg 1920w\" sizes=\"auto, (max-width: 768px) 100vw, 768px\" \/><\/a><\/figure>\n\n\n\n<figure class=\"wp-block-image size-large\"><a href=\"https:\/\/smk-art.de\/art\/wp-content\/uploads\/2024\/05\/memorial-buchblock-susanne-mueller-koelmel-s.jpg\"><img loading=\"lazy\" decoding=\"async\" width=\"720\" height=\"960\" data-id=\"7333\" src=\"https:\/\/smk-art.de\/art\/wp-content\/uploads\/2024\/05\/memorial-buchblock-susanne-mueller-koelmel-s.jpg\" alt=\"\" class=\"wp-image-7333\" srcset=\"https:\/\/smk-art.de\/art\/wp-content\/uploads\/2024\/05\/memorial-buchblock-susanne-mueller-koelmel-s.jpg 720w, https:\/\/smk-art.de\/art\/wp-content\/uploads\/2024\/05\/memorial-buchblock-susanne-mueller-koelmel-s-225x300.jpg 225w\" sizes=\"auto, (max-width: 720px) 100vw, 720px\" \/><\/a><\/figure>\n\n\n\n<figure class=\"wp-block-image size-large\"><a href=\"https:\/\/smk-art.de\/art\/wp-content\/uploads\/2024\/05\/life-line-ausstellungsansicht-glasraum-susanne-mueller-koelmel-s.jpg\"><img loading=\"lazy\" decoding=\"async\" width=\"960\" height=\"720\" data-id=\"7330\" src=\"https:\/\/smk-art.de\/art\/wp-content\/uploads\/2024\/05\/life-line-ausstellungsansicht-glasraum-susanne-mueller-koelmel-s.jpg\" alt=\"\" class=\"wp-image-7330\" srcset=\"https:\/\/smk-art.de\/art\/wp-content\/uploads\/2024\/05\/life-line-ausstellungsansicht-glasraum-susanne-mueller-koelmel-s.jpg 960w, https:\/\/smk-art.de\/art\/wp-content\/uploads\/2024\/05\/life-line-ausstellungsansicht-glasraum-susanne-mueller-koelmel-s-300x225.jpg 300w, https:\/\/smk-art.de\/art\/wp-content\/uploads\/2024\/05\/life-line-ausstellungsansicht-glasraum-susanne-mueller-koelmel-s-768x576.jpg 768w\" sizes=\"auto, (max-width: 960px) 100vw, 960px\" \/><\/a><\/figure>\n\n\n\n<figure class=\"wp-block-image size-large\"><a href=\"https:\/\/smk-art.de\/art\/wp-content\/uploads\/2024\/05\/life-line-flur-oben-re-susanne-mueller-koelmel-scaled.jpeg\"><img loading=\"lazy\" decoding=\"async\" width=\"1024\" height=\"802\" data-id=\"7332\" src=\"https:\/\/smk-art.de\/art\/wp-content\/uploads\/2024\/05\/life-line-flur-oben-re-susanne-mueller-koelmel-1024x802.jpeg\" alt=\"\" class=\"wp-image-7332\" srcset=\"https:\/\/smk-art.de\/art\/wp-content\/uploads\/2024\/05\/life-line-flur-oben-re-susanne-mueller-koelmel-1024x802.jpeg 1024w, https:\/\/smk-art.de\/art\/wp-content\/uploads\/2024\/05\/life-line-flur-oben-re-susanne-mueller-koelmel-300x235.jpeg 300w, https:\/\/smk-art.de\/art\/wp-content\/uploads\/2024\/05\/life-line-flur-oben-re-susanne-mueller-koelmel-768x601.jpeg 768w, https:\/\/smk-art.de\/art\/wp-content\/uploads\/2024\/05\/life-line-flur-oben-re-susanne-mueller-koelmel-1536x1203.jpeg 1536w, https:\/\/smk-art.de\/art\/wp-content\/uploads\/2024\/05\/life-line-flur-oben-re-susanne-mueller-koelmel-2048x1604.jpeg 2048w\" sizes=\"auto, (max-width: 1024px) 100vw, 1024px\" \/><\/a><\/figure>\n\n\n\n<figure class=\"wp-block-image size-large\"><a href=\"https:\/\/smk-art.de\/art\/wp-content\/uploads\/2024\/05\/lifeline-heinekamp-zielke-eroeffnung-2024-susanne-mueller-koelmel-1.jpeg\"><img loading=\"lazy\" decoding=\"async\" width=\"1024\" height=\"576\" data-id=\"7336\" src=\"https:\/\/smk-art.de\/art\/wp-content\/uploads\/2024\/05\/lifeline-heinekamp-zielke-eroeffnung-2024-susanne-mueller-koelmel-1-1024x576.jpeg\" alt=\"\" class=\"wp-image-7336\" srcset=\"https:\/\/smk-art.de\/art\/wp-content\/uploads\/2024\/05\/lifeline-heinekamp-zielke-eroeffnung-2024-susanne-mueller-koelmel-1-1024x576.jpeg 1024w, https:\/\/smk-art.de\/art\/wp-content\/uploads\/2024\/05\/lifeline-heinekamp-zielke-eroeffnung-2024-susanne-mueller-koelmel-1-300x169.jpeg 300w, https:\/\/smk-art.de\/art\/wp-content\/uploads\/2024\/05\/lifeline-heinekamp-zielke-eroeffnung-2024-susanne-mueller-koelmel-1-768x432.jpeg 768w, https:\/\/smk-art.de\/art\/wp-content\/uploads\/2024\/05\/lifeline-heinekamp-zielke-eroeffnung-2024-susanne-mueller-koelmel-1-800x450.jpeg 800w, https:\/\/smk-art.de\/art\/wp-content\/uploads\/2024\/05\/lifeline-heinekamp-zielke-eroeffnung-2024-susanne-mueller-koelmel-1.jpeg 1280w\" sizes=\"auto, (max-width: 1024px) 100vw, 1024px\" \/><\/a><\/figure>\n<\/figure>\n","protected":false},"excerpt":{"rendered":"<p>Malerei | Grafik | Objekt | k\u00fcnstlerische Lebenszeichen Dauer der Ausstellung: 19.04.\u201309.08.2024&nbsp; Vernissage: Freitag 19.4.2024, 19 Uhr&nbsp; Der Ausstellungstitel \u201elife line\u201c ist f\u00fcr Susanne M\u00fcller-K\u00f6lmels Kunst Programm. Denn nicht nur, dass Kunst f\u00fcr sie eine Lebensnotwendigkeit ist, sondern sie verarbeitet in ihrer Kunst auch die gro\u00dfen Lebensthemen. Gew\u00fcrzt mit eine Prise Humor und Poesie spannen [&hellip;]<\/p>\n","protected":false},"author":2,"featured_media":7136,"comment_status":"closed","ping_status":"","sticky":false,"template":"","format":"standard","meta":{"_uag_custom_page_level_css":"","pgc_sgb_lightbox_settings":"","ocean_post_layout":"","ocean_both_sidebars_style":"","ocean_both_sidebars_content_width":0,"ocean_both_sidebars_sidebars_width":0,"ocean_sidebar":"","ocean_second_sidebar":"","ocean_disable_margins":"enable","ocean_add_body_class":"","ocean_shortcode_before_top_bar":"","ocean_shortcode_after_top_bar":"","ocean_shortcode_before_header":"","ocean_shortcode_after_header":"","ocean_has_shortcode":"","ocean_shortcode_after_title":"","ocean_shortcode_before_footer_widgets":"","ocean_shortcode_after_footer_widgets":"","ocean_shortcode_before_footer_bottom":"","ocean_shortcode_after_footer_bottom":"","ocean_display_top_bar":"default","ocean_display_header":"default","ocean_header_style":"","ocean_center_header_left_menu":"","ocean_custom_header_template":"","ocean_custom_logo":0,"ocean_custom_retina_logo":0,"ocean_custom_logo_max_width":0,"ocean_custom_logo_tablet_max_width":0,"ocean_custom_logo_mobile_max_width":0,"ocean_custom_logo_max_height":0,"ocean_custom_logo_tablet_max_height":0,"ocean_custom_logo_mobile_max_height":0,"ocean_header_custom_menu":"","ocean_menu_typo_font_family":"","ocean_menu_typo_font_subset":"","ocean_menu_typo_font_size":0,"ocean_menu_typo_font_size_tablet":0,"ocean_menu_typo_font_size_mobile":0,"ocean_menu_typo_font_size_unit":"px","ocean_menu_typo_font_weight":"","ocean_menu_typo_font_weight_tablet":"","ocean_menu_typo_font_weight_mobile":"","ocean_menu_typo_transform":"","ocean_menu_typo_transform_tablet":"","ocean_menu_typo_transform_mobile":"","ocean_menu_typo_line_height":0,"ocean_menu_typo_line_height_tablet":0,"ocean_menu_typo_line_height_mobile":0,"ocean_menu_typo_line_height_unit":"","ocean_menu_typo_spacing":0,"ocean_menu_typo_spacing_tablet":0,"ocean_menu_typo_spacing_mobile":0,"ocean_menu_typo_spacing_unit":"","ocean_menu_link_color":"","ocean_menu_link_color_hover":"","ocean_menu_link_color_active":"","ocean_menu_link_background":"","ocean_menu_link_hover_background":"","ocean_menu_link_active_background":"","ocean_menu_social_links_bg":"","ocean_menu_social_hover_links_bg":"","ocean_menu_social_links_color":"","ocean_menu_social_hover_links_color":"","ocean_disable_title":"default","ocean_disable_heading":"default","ocean_post_title":"","ocean_post_subheading":"","ocean_post_title_style":"","ocean_post_title_background_color":"","ocean_post_title_background":0,"ocean_post_title_bg_image_position":"","ocean_post_title_bg_image_attachment":"","ocean_post_title_bg_image_repeat":"","ocean_post_title_bg_image_size":"","ocean_post_title_height":0,"ocean_post_title_bg_overlay":0.5,"ocean_post_title_bg_overlay_color":"","ocean_disable_breadcrumbs":"default","ocean_breadcrumbs_color":"","ocean_breadcrumbs_separator_color":"","ocean_breadcrumbs_links_color":"","ocean_breadcrumbs_links_hover_color":"","ocean_display_footer_widgets":"default","ocean_display_footer_bottom":"default","ocean_custom_footer_template":"","ocean_post_oembed":"","ocean_post_self_hosted_media":"","ocean_post_video_embed":"","ocean_link_format":"","ocean_link_format_target":"self","ocean_quote_format":"","ocean_quote_format_link":"post","ocean_gallery_link_images":"on","ocean_gallery_id":[],"footnotes":""},"categories":[6,22],"tags":[],"class_list":["post-7134","post","type-post","status-publish","format-standard","has-post-thumbnail","hentry","category-ausstellungen","category-rueckblick","entry","has-media"],"featured_image_src":"https:\/\/smk-art.de\/art\/wp-content\/uploads\/2024\/03\/life-line-kunst-in-der-kanzlei-susanne-mueller-koelmel.jpg","author_info":{"display_name":"Susanne M\u00fcller-K\u00f6lmel","author_link":"https:\/\/smk-art.de\/art\/author\/susanne\/"},"uagb_featured_image_src":{"full":["https:\/\/smk-art.de\/art\/wp-content\/uploads\/2024\/03\/life-line-kunst-in-der-kanzlei-susanne-mueller-koelmel.jpg",960,641,false],"thumbnail":["https:\/\/smk-art.de\/art\/wp-content\/uploads\/2024\/03\/life-line-kunst-in-der-kanzlei-susanne-mueller-koelmel-280x280.jpg",280,280,true],"medium":["https:\/\/smk-art.de\/art\/wp-content\/uploads\/2024\/03\/life-line-kunst-in-der-kanzlei-susanne-mueller-koelmel-300x200.jpg",300,200,true],"medium_large":["https:\/\/smk-art.de\/art\/wp-content\/uploads\/2024\/03\/life-line-kunst-in-der-kanzlei-susanne-mueller-koelmel-768x513.jpg",768,513,true],"large":["https:\/\/smk-art.de\/art\/wp-content\/uploads\/2024\/03\/life-line-kunst-in-der-kanzlei-susanne-mueller-koelmel.jpg",960,641,false],"1536x1536":["https:\/\/smk-art.de\/art\/wp-content\/uploads\/2024\/03\/life-line-kunst-in-der-kanzlei-susanne-mueller-koelmel.jpg",960,641,false],"2048x2048":["https:\/\/smk-art.de\/art\/wp-content\/uploads\/2024\/03\/life-line-kunst-in-der-kanzlei-susanne-mueller-koelmel.jpg",960,641,false],"ocean-thumb-m":["https:\/\/smk-art.de\/art\/wp-content\/uploads\/2024\/03\/life-line-kunst-in-der-kanzlei-susanne-mueller-koelmel-600x600.jpg",600,600,true],"ocean-thumb-ml":["https:\/\/smk-art.de\/art\/wp-content\/uploads\/2024\/03\/life-line-kunst-in-der-kanzlei-susanne-mueller-koelmel-800x450.jpg",800,450,true],"ocean-thumb-l":["https:\/\/smk-art.de\/art\/wp-content\/uploads\/2024\/03\/life-line-kunst-in-der-kanzlei-susanne-mueller-koelmel.jpg",960,641,false]},"uagb_author_info":{"display_name":"Susanne M\u00fcller-K\u00f6lmel","author_link":"https:\/\/smk-art.de\/art\/author\/susanne\/"},"uagb_comment_info":0,"uagb_excerpt":"Malerei | Grafik | Objekt | k\u00fcnstlerische Lebenszeichen Dauer der Ausstellung: 19.04.\u201309.08.2024&nbsp; Vernissage: Freitag 19.4.2024, 19 Uhr&nbsp; Der Ausstellungstitel \u201elife line\u201c ist f\u00fcr Susanne M\u00fcller-K\u00f6lmels Kunst Programm. Denn nicht nur, dass Kunst f\u00fcr sie eine Lebensnotwendigkeit ist, sondern sie verarbeitet in ihrer Kunst auch die gro\u00dfen Lebensthemen. Gew\u00fcrzt mit eine Prise Humor und Poesie spannen&hellip;","_links":{"self":[{"href":"https:\/\/smk-art.de\/art\/wp-json\/wp\/v2\/posts\/7134","targetHints":{"allow":["GET"]}}],"collection":[{"href":"https:\/\/smk-art.de\/art\/wp-json\/wp\/v2\/posts"}],"about":[{"href":"https:\/\/smk-art.de\/art\/wp-json\/wp\/v2\/types\/post"}],"author":[{"embeddable":true,"href":"https:\/\/smk-art.de\/art\/wp-json\/wp\/v2\/users\/2"}],"replies":[{"embeddable":true,"href":"https:\/\/smk-art.de\/art\/wp-json\/wp\/v2\/comments?post=7134"}],"version-history":[{"count":5,"href":"https:\/\/smk-art.de\/art\/wp-json\/wp\/v2\/posts\/7134\/revisions"}],"predecessor-version":[{"id":7344,"href":"https:\/\/smk-art.de\/art\/wp-json\/wp\/v2\/posts\/7134\/revisions\/7344"}],"wp:featuredmedia":[{"embeddable":true,"href":"https:\/\/smk-art.de\/art\/wp-json\/wp\/v2\/media\/7136"}],"wp:attachment":[{"href":"https:\/\/smk-art.de\/art\/wp-json\/wp\/v2\/media?parent=7134"}],"wp:term":[{"taxonomy":"category","embeddable":true,"href":"https:\/\/smk-art.de\/art\/wp-json\/wp\/v2\/categories?post=7134"},{"taxonomy":"post_tag","embeddable":true,"href":"https:\/\/smk-art.de\/art\/wp-json\/wp\/v2\/tags?post=7134"}],"curies":[{"name":"wp","href":"https:\/\/api.w.org\/{rel}","templated":true}]}}