{"id":7151,"date":"2024-06-18T15:17:37","date_gmt":"2024-06-18T13:17:37","guid":{"rendered":"https:\/\/smk-art.de\/art\/?p=7151"},"modified":"2024-08-14T09:02:41","modified_gmt":"2024-08-14T07:02:41","slug":"plakart24","status":"publish","type":"post","link":"https:\/\/smk-art.de\/art\/plakart24\/","title":{"rendered":"PlakART24 &#8211; please vote!*"},"content":{"rendered":"\n<p>Im Rahmen der 650-Jahr-Feier der Stadt Solingen findet die gro\u00dfe <strong>PlaKART24<\/strong> vom 11.6. &#8211; 1.7.2024 \/-22.7.2024 statt. In ganz Solingen wird in diesem Zeitraum Kunst auf Plakatw\u00e4nden zu finden sein.<\/p>\n\n\n\n<p>Wegen eines technischen Problems wird mein Plakat leider vom 2.7.- 22.7.2024 auf der Kullerstr.112 (gegen\u00fcber Schweizer Stra\u00dfe) plakatiert.<\/p>\n\n\n\n<p><strong>Please vote*<\/strong><\/p>\n\n\n\n<figure class=\"wp-block-gallery has-nested-images columns-default is-cropped wp-block-gallery-1 is-layout-flex wp-block-gallery-is-layout-flex\">\n<figure class=\"wp-block-image size-large\"><a href=\"https:\/\/smk-art.de\/art\/wp-content\/uploads\/2024\/03\/Kuller-st-geg-schweize-str-susanne-mueller-koelmel-s.jpg\"><img loading=\"lazy\" decoding=\"async\" width=\"960\" height=\"675\" data-id=\"7406\" src=\"https:\/\/smk-art.de\/art\/wp-content\/uploads\/2024\/03\/Kuller-st-geg-schweize-str-susanne-mueller-koelmel-s.jpg\" alt=\"\" class=\"wp-image-7406\" srcset=\"https:\/\/smk-art.de\/art\/wp-content\/uploads\/2024\/03\/Kuller-st-geg-schweize-str-susanne-mueller-koelmel-s.jpg 960w, https:\/\/smk-art.de\/art\/wp-content\/uploads\/2024\/03\/Kuller-st-geg-schweize-str-susanne-mueller-koelmel-s-300x211.jpg 300w, https:\/\/smk-art.de\/art\/wp-content\/uploads\/2024\/03\/Kuller-st-geg-schweize-str-susanne-mueller-koelmel-s-768x540.jpg 768w\" sizes=\"auto, (max-width: 960px) 100vw, 960px\" \/><\/a><\/figure>\n\n\n\n<figure class=\"wp-block-image size-large\"><a href=\"https:\/\/smk-art.de\/art\/wp-content\/uploads\/2024\/03\/PlakAR-T24_Susanne-Mueller-Koelmel-s.jpg\"><img loading=\"lazy\" decoding=\"async\" width=\"960\" height=\"679\" data-id=\"7407\" src=\"https:\/\/smk-art.de\/art\/wp-content\/uploads\/2024\/03\/PlakAR-T24_Susanne-Mueller-Koelmel-s.jpg\" alt=\"\" class=\"wp-image-7407\" srcset=\"https:\/\/smk-art.de\/art\/wp-content\/uploads\/2024\/03\/PlakAR-T24_Susanne-Mueller-Koelmel-s.jpg 960w, https:\/\/smk-art.de\/art\/wp-content\/uploads\/2024\/03\/PlakAR-T24_Susanne-Mueller-Koelmel-s-300x212.jpg 300w, https:\/\/smk-art.de\/art\/wp-content\/uploads\/2024\/03\/PlakAR-T24_Susanne-Mueller-Koelmel-s-768x543.jpg 768w\" sizes=\"auto, (max-width: 960px) 100vw, 960px\" \/><\/a><\/figure>\n\n\n\n<figure class=\"wp-block-image size-large\"><a href=\"https:\/\/smk-art.de\/art\/wp-content\/uploads\/2024\/03\/plakat-Kuller-st-geg-schweizer-str-detail-susanne-mueller-koelmel-s.jpg\"><img loading=\"lazy\" decoding=\"async\" width=\"960\" height=\"675\" data-id=\"7408\" src=\"https:\/\/smk-art.de\/art\/wp-content\/uploads\/2024\/03\/plakat-Kuller-st-geg-schweizer-str-detail-susanne-mueller-koelmel-s.jpg\" alt=\"\" class=\"wp-image-7408\" srcset=\"https:\/\/smk-art.de\/art\/wp-content\/uploads\/2024\/03\/plakat-Kuller-st-geg-schweizer-str-detail-susanne-mueller-koelmel-s.jpg 960w, https:\/\/smk-art.de\/art\/wp-content\/uploads\/2024\/03\/plakat-Kuller-st-geg-schweizer-str-detail-susanne-mueller-koelmel-s-300x211.jpg 300w, https:\/\/smk-art.de\/art\/wp-content\/uploads\/2024\/03\/plakat-Kuller-st-geg-schweizer-str-detail-susanne-mueller-koelmel-s-768x540.jpg 768w\" sizes=\"auto, (max-width: 960px) 100vw, 960px\" \/><\/a><\/figure>\n<\/figure>\n\n\n\n<p>*Verbunden mit dieser Kunstwerk-Schau ist ein <strong>Gewinnspiel<\/strong>: Vier der Exemplare k\u00f6nnen gewonnen werden. Wer mitmachen m\u00f6chte, muss nur folgendes tun:<\/p>\n\n\n\n<p>Die digitalen Abbilder der Plakate sind online unter der Webadresse\u00a0<a href=\"http:\/\/solingen650.de\/neues\/plakart-2024\" target=\"_blank\" rel=\"noreferrer noopener\">solingen650.de\/neues\/plakart-2024<\/a>\u00a0verf\u00fcgbar. Teilnehmende des Gewinnspiels k\u00f6nnen nun bis  zum 12.7.2024 entweder vier Bildschirmfotos (Screenshots) der jeweiligen Wunschkunstwerke einsenden oder weiterhin vier Fotos der Plakate, die an verschiedenen Gro\u00dffl\u00e4chenplakat-Standorten in Solingen aufgeh\u00e4ngt sind.<\/p>\n\n\n\n<p>Alle Einsendungen m\u00fcssen per Email an&nbsp;<a href=\"mailto:650jahre@solingen.de\" target=\"_blank\" rel=\"noreferrer noopener\">650jahre@solingen.de<\/a>&nbsp;mit dem Betreff &#8222;PlakART 2024&#8220; und den Kontaktdaten der Teilnehmenden bis zum 12. Juli eingereicht werden. Alle Einsendungen nehmen an der Ziehung teil. Das Los entscheidet. Die gl\u00fccklichen Gewinner:innen k\u00f6nnen dann eines der von ihnen eingesandten Motive ausw\u00e4hlen und es ihr Eigen nennen.<\/p>\n\n\n\n<p>Joachim Radtke und K\u00fcnstler Dirk Balke, organisieren auch heute noch die PlakARTAktion. Joachim Radtke: \u201eDer gro\u00dfe Zuspruch der K\u00fcnstlerinnen und K\u00fcnstler spricht f\u00fcr sich. Da lohnt sich der Aufwand in der Abwicklung absolut.\u201c Radtke w\u00fcnscht sich in diesem Jahr vor allem, dass viele am Gewinnspiel teilnehmen. Und Dirk Balke erg\u00e4nzt: \u201eKreativit\u00e4t, Kunst und Kultur machen das st\u00e4dtische Leben aus &#8211; in guten wie in schlechten Zeiten.&#8220;<\/p>\n","protected":false},"excerpt":{"rendered":"<p>Im Rahmen der 650-Jahr-Feier der Stadt Solingen findet die gro\u00dfe PlaKART24 vom 11.6. &#8211; 1.7.2024 \/-22.7.2024 statt. In ganz Solingen wird in diesem Zeitraum Kunst auf Plakatw\u00e4nden zu finden sein. Wegen eines technischen Problems wird mein Plakat leider vom 2.7.- 22.7.2024 auf der Kullerstr.112 (gegen\u00fcber Schweizer Stra\u00dfe) plakatiert. Please vote* *Verbunden mit dieser Kunstwerk-Schau ist [&hellip;]<\/p>\n","protected":false},"author":2,"featured_media":7408,"comment_status":"closed","ping_status":"","sticky":false,"template":"","format":"standard","meta":{"_uag_custom_page_level_css":"","pgc_sgb_lightbox_settings":"","ocean_post_layout":"","ocean_both_sidebars_style":"","ocean_both_sidebars_content_width":0,"ocean_both_sidebars_sidebars_width":0,"ocean_sidebar":"","ocean_second_sidebar":"","ocean_disable_margins":"enable","ocean_add_body_class":"","ocean_shortcode_before_top_bar":"","ocean_shortcode_after_top_bar":"","ocean_shortcode_before_header":"","ocean_shortcode_after_header":"","ocean_has_shortcode":"","ocean_shortcode_after_title":"","ocean_shortcode_before_footer_widgets":"","ocean_shortcode_after_footer_widgets":"","ocean_shortcode_before_footer_bottom":"","ocean_shortcode_after_footer_bottom":"","ocean_display_top_bar":"default","ocean_display_header":"default","ocean_header_style":"","ocean_center_header_left_menu":"","ocean_custom_header_template":"","ocean_custom_logo":0,"ocean_custom_retina_logo":0,"ocean_custom_logo_max_width":0,"ocean_custom_logo_tablet_max_width":0,"ocean_custom_logo_mobile_max_width":0,"ocean_custom_logo_max_height":0,"ocean_custom_logo_tablet_max_height":0,"ocean_custom_logo_mobile_max_height":0,"ocean_header_custom_menu":"","ocean_menu_typo_font_family":"","ocean_menu_typo_font_subset":"","ocean_menu_typo_font_size":0,"ocean_menu_typo_font_size_tablet":0,"ocean_menu_typo_font_size_mobile":0,"ocean_menu_typo_font_size_unit":"px","ocean_menu_typo_font_weight":"","ocean_menu_typo_font_weight_tablet":"","ocean_menu_typo_font_weight_mobile":"","ocean_menu_typo_transform":"","ocean_menu_typo_transform_tablet":"","ocean_menu_typo_transform_mobile":"","ocean_menu_typo_line_height":0,"ocean_menu_typo_line_height_tablet":0,"ocean_menu_typo_line_height_mobile":0,"ocean_menu_typo_line_height_unit":"","ocean_menu_typo_spacing":0,"ocean_menu_typo_spacing_tablet":0,"ocean_menu_typo_spacing_mobile":0,"ocean_menu_typo_spacing_unit":"","ocean_menu_link_color":"","ocean_menu_link_color_hover":"","ocean_menu_link_color_active":"","ocean_menu_link_background":"","ocean_menu_link_hover_background":"","ocean_menu_link_active_background":"","ocean_menu_social_links_bg":"","ocean_menu_social_hover_links_bg":"","ocean_menu_social_links_color":"","ocean_menu_social_hover_links_color":"","ocean_disable_title":"default","ocean_disable_heading":"default","ocean_post_title":"","ocean_post_subheading":"","ocean_post_title_style":"","ocean_post_title_background_color":"","ocean_post_title_background":0,"ocean_post_title_bg_image_position":"","ocean_post_title_bg_image_attachment":"","ocean_post_title_bg_image_repeat":"","ocean_post_title_bg_image_size":"","ocean_post_title_height":0,"ocean_post_title_bg_overlay":0.5,"ocean_post_title_bg_overlay_color":"","ocean_disable_breadcrumbs":"default","ocean_breadcrumbs_color":"","ocean_breadcrumbs_separator_color":"","ocean_breadcrumbs_links_color":"","ocean_breadcrumbs_links_hover_color":"","ocean_display_footer_widgets":"default","ocean_display_footer_bottom":"default","ocean_custom_footer_template":"","ocean_post_oembed":"","ocean_post_self_hosted_media":"","ocean_post_video_embed":"","ocean_link_format":"","ocean_link_format_target":"self","ocean_quote_format":"","ocean_quote_format_link":"post","ocean_gallery_link_images":"on","ocean_gallery_id":[],"footnotes":""},"categories":[6,22],"tags":[],"class_list":["post-7151","post","type-post","status-publish","format-standard","has-post-thumbnail","hentry","category-ausstellungen","category-rueckblick","entry","has-media"],"featured_image_src":"https:\/\/smk-art.de\/art\/wp-content\/uploads\/2024\/03\/plakat-Kuller-st-geg-schweizer-str-detail-susanne-mueller-koelmel-s.jpg","author_info":{"display_name":"Susanne M\u00fcller-K\u00f6lmel","author_link":"https:\/\/smk-art.de\/art\/author\/susanne\/"},"uagb_featured_image_src":{"full":["https:\/\/smk-art.de\/art\/wp-content\/uploads\/2024\/03\/plakat-Kuller-st-geg-schweizer-str-detail-susanne-mueller-koelmel-s.jpg",960,675,false],"thumbnail":["https:\/\/smk-art.de\/art\/wp-content\/uploads\/2024\/03\/plakat-Kuller-st-geg-schweizer-str-detail-susanne-mueller-koelmel-s-280x280.jpg",280,280,true],"medium":["https:\/\/smk-art.de\/art\/wp-content\/uploads\/2024\/03\/plakat-Kuller-st-geg-schweizer-str-detail-susanne-mueller-koelmel-s-300x211.jpg",300,211,true],"medium_large":["https:\/\/smk-art.de\/art\/wp-content\/uploads\/2024\/03\/plakat-Kuller-st-geg-schweizer-str-detail-susanne-mueller-koelmel-s-768x540.jpg",768,540,true],"large":["https:\/\/smk-art.de\/art\/wp-content\/uploads\/2024\/03\/plakat-Kuller-st-geg-schweizer-str-detail-susanne-mueller-koelmel-s.jpg",960,675,false],"1536x1536":["https:\/\/smk-art.de\/art\/wp-content\/uploads\/2024\/03\/plakat-Kuller-st-geg-schweizer-str-detail-susanne-mueller-koelmel-s.jpg",960,675,false],"2048x2048":["https:\/\/smk-art.de\/art\/wp-content\/uploads\/2024\/03\/plakat-Kuller-st-geg-schweizer-str-detail-susanne-mueller-koelmel-s.jpg",960,675,false],"ocean-thumb-m":["https:\/\/smk-art.de\/art\/wp-content\/uploads\/2024\/03\/plakat-Kuller-st-geg-schweizer-str-detail-susanne-mueller-koelmel-s-600x600.jpg",600,600,true],"ocean-thumb-ml":["https:\/\/smk-art.de\/art\/wp-content\/uploads\/2024\/03\/plakat-Kuller-st-geg-schweizer-str-detail-susanne-mueller-koelmel-s-800x450.jpg",800,450,true],"ocean-thumb-l":["https:\/\/smk-art.de\/art\/wp-content\/uploads\/2024\/03\/plakat-Kuller-st-geg-schweizer-str-detail-susanne-mueller-koelmel-s.jpg",960,675,false]},"uagb_author_info":{"display_name":"Susanne M\u00fcller-K\u00f6lmel","author_link":"https:\/\/smk-art.de\/art\/author\/susanne\/"},"uagb_comment_info":0,"uagb_excerpt":"Im Rahmen der 650-Jahr-Feier der Stadt Solingen findet die gro\u00dfe PlaKART24 vom 11.6. &#8211; 1.7.2024 \/-22.7.2024 statt. In ganz Solingen wird in diesem Zeitraum Kunst auf Plakatw\u00e4nden zu finden sein. Wegen eines technischen Problems wird mein Plakat leider vom 2.7.- 22.7.2024 auf der Kullerstr.112 (gegen\u00fcber Schweizer Stra\u00dfe) plakatiert. Please vote* *Verbunden mit dieser Kunstwerk-Schau ist&hellip;","_links":{"self":[{"href":"https:\/\/smk-art.de\/art\/wp-json\/wp\/v2\/posts\/7151","targetHints":{"allow":["GET"]}}],"collection":[{"href":"https:\/\/smk-art.de\/art\/wp-json\/wp\/v2\/posts"}],"about":[{"href":"https:\/\/smk-art.de\/art\/wp-json\/wp\/v2\/types\/post"}],"author":[{"embeddable":true,"href":"https:\/\/smk-art.de\/art\/wp-json\/wp\/v2\/users\/2"}],"replies":[{"embeddable":true,"href":"https:\/\/smk-art.de\/art\/wp-json\/wp\/v2\/comments?post=7151"}],"version-history":[{"count":9,"href":"https:\/\/smk-art.de\/art\/wp-json\/wp\/v2\/posts\/7151\/revisions"}],"predecessor-version":[{"id":7429,"href":"https:\/\/smk-art.de\/art\/wp-json\/wp\/v2\/posts\/7151\/revisions\/7429"}],"wp:featuredmedia":[{"embeddable":true,"href":"https:\/\/smk-art.de\/art\/wp-json\/wp\/v2\/media\/7408"}],"wp:attachment":[{"href":"https:\/\/smk-art.de\/art\/wp-json\/wp\/v2\/media?parent=7151"}],"wp:term":[{"taxonomy":"category","embeddable":true,"href":"https:\/\/smk-art.de\/art\/wp-json\/wp\/v2\/categories?post=7151"},{"taxonomy":"post_tag","embeddable":true,"href":"https:\/\/smk-art.de\/art\/wp-json\/wp\/v2\/tags?post=7151"}],"curies":[{"name":"wp","href":"https:\/\/api.w.org\/{rel}","templated":true}]}}