{"id":7388,"date":"2024-05-31T15:47:19","date_gmt":"2024-05-31T13:47:19","guid":{"rendered":"https:\/\/smk-art.de\/art\/?p=7388"},"modified":"2024-06-13T16:32:42","modified_gmt":"2024-06-13T14:32:42","slug":"europa","status":"publish","type":"post","link":"https:\/\/smk-art.de\/art\/europa\/","title":{"rendered":"EUROPA"},"content":{"rendered":"\n<p><strong>In Vielfalt verwoben.<\/strong> Bei dem <a href=\"https:\/\/buenkenberg-widdert.de\/aktuelles\/werken-rfmg5-83l4k-zpw9h-myly9-men9c-7mgle-cwyah\" target=\"_blank\" rel=\"noreferrer noopener\">Kunstprojekt \u201cEuropa &#8211; in Vielfalt verbunden\u201d<\/a> haben 23 Sch\u00fclerinnen und Sch\u00fcler der Klasse 4b aus ihren zun\u00e4chst gemalten Bildern einen Wandteppich zum Thema EUROPA \u201cgewebt\u201d. Aus zuvor auf Leinwandstreifen gemalten Bildern wurde mittels \u201cFreihandweberei\u201d ein etwa vier Quadratmetergro\u00dfer farbenfroher Wandteppich hergestellt.<\/p>\n\n\n\n<p>Mit dem \u201cFreundschaftsteppich\u201d wird der Reichtum der Kulturen Europas an der Wand des Schulgeb\u00e4udes ausgebreitet. Die Aktion fand im Rahmen des Projektes des Landes NRW \u201cKultur und Schule\u201d durch die Solinger K\u00fcnstlerin Susanne M\u00fcller-K\u00f6lmel statt.<\/p>\n\n\n\n<figure class=\"wp-block-gallery has-nested-images columns-5 is-cropped wp-block-gallery-1 is-layout-flex wp-block-gallery-is-layout-flex\">\n<figure class=\"wp-block-image size-large\"><a href=\"https:\/\/smk-art.de\/art\/wp-content\/uploads\/2024\/06\/01-Atelier-europa-6-2024-susanne-mueller-koelmel-s.jpg\"><img loading=\"lazy\" decoding=\"async\" width=\"960\" height=\"720\" data-id=\"7363\" src=\"https:\/\/smk-art.de\/art\/wp-content\/uploads\/2024\/06\/01-Atelier-europa-6-2024-susanne-mueller-koelmel-s.jpg\" alt=\"\" class=\"wp-image-7363\" srcset=\"https:\/\/smk-art.de\/art\/wp-content\/uploads\/2024\/06\/01-Atelier-europa-6-2024-susanne-mueller-koelmel-s.jpg 960w, https:\/\/smk-art.de\/art\/wp-content\/uploads\/2024\/06\/01-Atelier-europa-6-2024-susanne-mueller-koelmel-s-300x225.jpg 300w, https:\/\/smk-art.de\/art\/wp-content\/uploads\/2024\/06\/01-Atelier-europa-6-2024-susanne-mueller-koelmel-s-768x576.jpg 768w\" sizes=\"auto, (max-width: 960px) 100vw, 960px\" \/><\/a><\/figure>\n\n\n\n<figure class=\"wp-block-image size-large\"><a href=\"https:\/\/smk-art.de\/art\/wp-content\/uploads\/2024\/06\/08-europakunstprojekt-material-susanne-mueller-koelmel-s.jpg\"><img loading=\"lazy\" decoding=\"async\" width=\"960\" height=\"720\" data-id=\"7368\" src=\"https:\/\/smk-art.de\/art\/wp-content\/uploads\/2024\/06\/08-europakunstprojekt-material-susanne-mueller-koelmel-s.jpg\" alt=\"\" class=\"wp-image-7368\" srcset=\"https:\/\/smk-art.de\/art\/wp-content\/uploads\/2024\/06\/08-europakunstprojekt-material-susanne-mueller-koelmel-s.jpg 960w, https:\/\/smk-art.de\/art\/wp-content\/uploads\/2024\/06\/08-europakunstprojekt-material-susanne-mueller-koelmel-s-300x225.jpg 300w, https:\/\/smk-art.de\/art\/wp-content\/uploads\/2024\/06\/08-europakunstprojekt-material-susanne-mueller-koelmel-s-768x576.jpg 768w\" sizes=\"auto, (max-width: 960px) 100vw, 960px\" \/><\/a><\/figure>\n\n\n\n<figure class=\"wp-block-image size-large\"><a href=\"https:\/\/smk-art.de\/art\/wp-content\/uploads\/2024\/06\/07-arbeitsprozess-mischen-europa-susanne-mueller-koelmel-gr1-s.jpg\"><img loading=\"lazy\" decoding=\"async\" width=\"960\" height=\"673\" data-id=\"7367\" src=\"https:\/\/smk-art.de\/art\/wp-content\/uploads\/2024\/06\/07-arbeitsprozess-mischen-europa-susanne-mueller-koelmel-gr1-s.jpg\" alt=\"\" class=\"wp-image-7367\" srcset=\"https:\/\/smk-art.de\/art\/wp-content\/uploads\/2024\/06\/07-arbeitsprozess-mischen-europa-susanne-mueller-koelmel-gr1-s.jpg 960w, https:\/\/smk-art.de\/art\/wp-content\/uploads\/2024\/06\/07-arbeitsprozess-mischen-europa-susanne-mueller-koelmel-gr1-s-300x210.jpg 300w, https:\/\/smk-art.de\/art\/wp-content\/uploads\/2024\/06\/07-arbeitsprozess-mischen-europa-susanne-mueller-koelmel-gr1-s-768x538.jpg 768w\" sizes=\"auto, (max-width: 960px) 100vw, 960px\" \/><\/a><\/figure>\n\n\n\n<figure class=\"wp-block-image size-large\"><a href=\"https:\/\/smk-art.de\/art\/wp-content\/uploads\/2024\/06\/06-arbeitsprozess-mischen-europa-susanne-mueller-koelmel-s.jpg\"><img loading=\"lazy\" decoding=\"async\" width=\"720\" height=\"960\" data-id=\"7366\" src=\"https:\/\/smk-art.de\/art\/wp-content\/uploads\/2024\/06\/06-arbeitsprozess-mischen-europa-susanne-mueller-koelmel-s.jpg\" alt=\"\" class=\"wp-image-7366\" srcset=\"https:\/\/smk-art.de\/art\/wp-content\/uploads\/2024\/06\/06-arbeitsprozess-mischen-europa-susanne-mueller-koelmel-s.jpg 720w, https:\/\/smk-art.de\/art\/wp-content\/uploads\/2024\/06\/06-arbeitsprozess-mischen-europa-susanne-mueller-koelmel-s-225x300.jpg 225w\" sizes=\"auto, (max-width: 720px) 100vw, 720px\" \/><\/a><\/figure>\n\n\n\n<figure class=\"wp-block-image size-large\"><a href=\"https:\/\/smk-art.de\/art\/wp-content\/uploads\/2024\/06\/europa-leinwand-weberei-k-s-2024-susanne-mueller-koelmel-s.jpg\"><img loading=\"lazy\" decoding=\"async\" width=\"945\" height=\"960\" data-id=\"7370\" src=\"https:\/\/smk-art.de\/art\/wp-content\/uploads\/2024\/06\/europa-leinwand-weberei-k-s-2024-susanne-mueller-koelmel-s.jpg\" alt=\"\" class=\"wp-image-7370\" srcset=\"https:\/\/smk-art.de\/art\/wp-content\/uploads\/2024\/06\/europa-leinwand-weberei-k-s-2024-susanne-mueller-koelmel-s.jpg 945w, https:\/\/smk-art.de\/art\/wp-content\/uploads\/2024\/06\/europa-leinwand-weberei-k-s-2024-susanne-mueller-koelmel-s-295x300.jpg 295w, https:\/\/smk-art.de\/art\/wp-content\/uploads\/2024\/06\/europa-leinwand-weberei-k-s-2024-susanne-mueller-koelmel-s-768x780.jpg 768w\" sizes=\"auto, (max-width: 945px) 100vw, 945px\" \/><\/a><\/figure>\n<\/figure>\n","protected":false},"excerpt":{"rendered":"<p>In Vielfalt verwoben. Bei dem Kunstprojekt \u201cEuropa &#8211; in Vielfalt verbunden\u201d haben 23 Sch\u00fclerinnen und Sch\u00fcler der Klasse 4b aus ihren zun\u00e4chst gemalten Bildern einen Wandteppich zum Thema EUROPA \u201cgewebt\u201d. Aus zuvor auf Leinwandstreifen gemalten Bildern wurde mittels \u201cFreihandweberei\u201d ein etwa vier Quadratmetergro\u00dfer farbenfroher Wandteppich hergestellt. Mit dem \u201cFreundschaftsteppich\u201d wird der Reichtum der Kulturen Europas [&hellip;]<\/p>\n","protected":false},"author":2,"featured_media":7370,"comment_status":"closed","ping_status":"","sticky":false,"template":"","format":"standard","meta":{"_uag_custom_page_level_css":"","pgc_sgb_lightbox_settings":"","ocean_post_layout":"","ocean_both_sidebars_style":"","ocean_both_sidebars_content_width":0,"ocean_both_sidebars_sidebars_width":0,"ocean_sidebar":"","ocean_second_sidebar":"","ocean_disable_margins":"enable","ocean_add_body_class":"","ocean_shortcode_before_top_bar":"","ocean_shortcode_after_top_bar":"","ocean_shortcode_before_header":"","ocean_shortcode_after_header":"","ocean_has_shortcode":"","ocean_shortcode_after_title":"","ocean_shortcode_before_footer_widgets":"","ocean_shortcode_after_footer_widgets":"","ocean_shortcode_before_footer_bottom":"","ocean_shortcode_after_footer_bottom":"","ocean_display_top_bar":"default","ocean_display_header":"default","ocean_header_style":"","ocean_center_header_left_menu":"","ocean_custom_header_template":"","ocean_custom_logo":0,"ocean_custom_retina_logo":0,"ocean_custom_logo_max_width":0,"ocean_custom_logo_tablet_max_width":0,"ocean_custom_logo_mobile_max_width":0,"ocean_custom_logo_max_height":0,"ocean_custom_logo_tablet_max_height":0,"ocean_custom_logo_mobile_max_height":0,"ocean_header_custom_menu":"","ocean_menu_typo_font_family":"","ocean_menu_typo_font_subset":"","ocean_menu_typo_font_size":0,"ocean_menu_typo_font_size_tablet":0,"ocean_menu_typo_font_size_mobile":0,"ocean_menu_typo_font_size_unit":"px","ocean_menu_typo_font_weight":"","ocean_menu_typo_font_weight_tablet":"","ocean_menu_typo_font_weight_mobile":"","ocean_menu_typo_transform":"","ocean_menu_typo_transform_tablet":"","ocean_menu_typo_transform_mobile":"","ocean_menu_typo_line_height":0,"ocean_menu_typo_line_height_tablet":0,"ocean_menu_typo_line_height_mobile":0,"ocean_menu_typo_line_height_unit":"","ocean_menu_typo_spacing":0,"ocean_menu_typo_spacing_tablet":0,"ocean_menu_typo_spacing_mobile":0,"ocean_menu_typo_spacing_unit":"","ocean_menu_link_color":"","ocean_menu_link_color_hover":"","ocean_menu_link_color_active":"","ocean_menu_link_background":"","ocean_menu_link_hover_background":"","ocean_menu_link_active_background":"","ocean_menu_social_links_bg":"","ocean_menu_social_hover_links_bg":"","ocean_menu_social_links_color":"","ocean_menu_social_hover_links_color":"","ocean_disable_title":"default","ocean_disable_heading":"default","ocean_post_title":"","ocean_post_subheading":"","ocean_post_title_style":"","ocean_post_title_background_color":"","ocean_post_title_background":0,"ocean_post_title_bg_image_position":"","ocean_post_title_bg_image_attachment":"","ocean_post_title_bg_image_repeat":"","ocean_post_title_bg_image_size":"","ocean_post_title_height":0,"ocean_post_title_bg_overlay":0.5,"ocean_post_title_bg_overlay_color":"","ocean_disable_breadcrumbs":"default","ocean_breadcrumbs_color":"","ocean_breadcrumbs_separator_color":"","ocean_breadcrumbs_links_color":"","ocean_breadcrumbs_links_hover_color":"","ocean_display_footer_widgets":"default","ocean_display_footer_bottom":"default","ocean_custom_footer_template":"","ocean_post_oembed":"","ocean_post_self_hosted_media":"","ocean_post_video_embed":"","ocean_link_format":"","ocean_link_format_target":"self","ocean_quote_format":"","ocean_quote_format_link":"post","ocean_gallery_link_images":"on","ocean_gallery_id":[],"footnotes":""},"categories":[6,12],"tags":[],"class_list":["post-7388","post","type-post","status-publish","format-standard","has-post-thumbnail","hentry","category-ausstellungen","category-malkurse","entry","has-media"],"featured_image_src":"https:\/\/smk-art.de\/art\/wp-content\/uploads\/2024\/06\/europa-leinwand-weberei-k-s-2024-susanne-mueller-koelmel-s.jpg","author_info":{"display_name":"Susanne M\u00fcller-K\u00f6lmel","author_link":"https:\/\/smk-art.de\/art\/author\/susanne\/"},"uagb_featured_image_src":{"full":["https:\/\/smk-art.de\/art\/wp-content\/uploads\/2024\/06\/europa-leinwand-weberei-k-s-2024-susanne-mueller-koelmel-s.jpg",945,960,false],"thumbnail":["https:\/\/smk-art.de\/art\/wp-content\/uploads\/2024\/06\/europa-leinwand-weberei-k-s-2024-susanne-mueller-koelmel-s-280x280.jpg",280,280,true],"medium":["https:\/\/smk-art.de\/art\/wp-content\/uploads\/2024\/06\/europa-leinwand-weberei-k-s-2024-susanne-mueller-koelmel-s-295x300.jpg",295,300,true],"medium_large":["https:\/\/smk-art.de\/art\/wp-content\/uploads\/2024\/06\/europa-leinwand-weberei-k-s-2024-susanne-mueller-koelmel-s-768x780.jpg",768,780,true],"large":["https:\/\/smk-art.de\/art\/wp-content\/uploads\/2024\/06\/europa-leinwand-weberei-k-s-2024-susanne-mueller-koelmel-s.jpg",945,960,false],"1536x1536":["https:\/\/smk-art.de\/art\/wp-content\/uploads\/2024\/06\/europa-leinwand-weberei-k-s-2024-susanne-mueller-koelmel-s.jpg",945,960,false],"2048x2048":["https:\/\/smk-art.de\/art\/wp-content\/uploads\/2024\/06\/europa-leinwand-weberei-k-s-2024-susanne-mueller-koelmel-s.jpg",945,960,false],"ocean-thumb-m":["https:\/\/smk-art.de\/art\/wp-content\/uploads\/2024\/06\/europa-leinwand-weberei-k-s-2024-susanne-mueller-koelmel-s-600x600.jpg",600,600,true],"ocean-thumb-ml":["https:\/\/smk-art.de\/art\/wp-content\/uploads\/2024\/06\/europa-leinwand-weberei-k-s-2024-susanne-mueller-koelmel-s-800x450.jpg",800,450,true],"ocean-thumb-l":["https:\/\/smk-art.de\/art\/wp-content\/uploads\/2024\/06\/europa-leinwand-weberei-k-s-2024-susanne-mueller-koelmel-s-945x700.jpg",945,700,true]},"uagb_author_info":{"display_name":"Susanne M\u00fcller-K\u00f6lmel","author_link":"https:\/\/smk-art.de\/art\/author\/susanne\/"},"uagb_comment_info":0,"uagb_excerpt":"In Vielfalt verwoben. Bei dem Kunstprojekt \u201cEuropa &#8211; in Vielfalt verbunden\u201d haben 23 Sch\u00fclerinnen und Sch\u00fcler der Klasse 4b aus ihren zun\u00e4chst gemalten Bildern einen Wandteppich zum Thema EUROPA \u201cgewebt\u201d. Aus zuvor auf Leinwandstreifen gemalten Bildern wurde mittels \u201cFreihandweberei\u201d ein etwa vier Quadratmetergro\u00dfer farbenfroher Wandteppich hergestellt. Mit dem \u201cFreundschaftsteppich\u201d wird der Reichtum der Kulturen Europas&hellip;","_links":{"self":[{"href":"https:\/\/smk-art.de\/art\/wp-json\/wp\/v2\/posts\/7388","targetHints":{"allow":["GET"]}}],"collection":[{"href":"https:\/\/smk-art.de\/art\/wp-json\/wp\/v2\/posts"}],"about":[{"href":"https:\/\/smk-art.de\/art\/wp-json\/wp\/v2\/types\/post"}],"author":[{"embeddable":true,"href":"https:\/\/smk-art.de\/art\/wp-json\/wp\/v2\/users\/2"}],"replies":[{"embeddable":true,"href":"https:\/\/smk-art.de\/art\/wp-json\/wp\/v2\/comments?post=7388"}],"version-history":[{"count":4,"href":"https:\/\/smk-art.de\/art\/wp-json\/wp\/v2\/posts\/7388\/revisions"}],"predecessor-version":[{"id":7393,"href":"https:\/\/smk-art.de\/art\/wp-json\/wp\/v2\/posts\/7388\/revisions\/7393"}],"wp:featuredmedia":[{"embeddable":true,"href":"https:\/\/smk-art.de\/art\/wp-json\/wp\/v2\/media\/7370"}],"wp:attachment":[{"href":"https:\/\/smk-art.de\/art\/wp-json\/wp\/v2\/media?parent=7388"}],"wp:term":[{"taxonomy":"category","embeddable":true,"href":"https:\/\/smk-art.de\/art\/wp-json\/wp\/v2\/categories?post=7388"},{"taxonomy":"post_tag","embeddable":true,"href":"https:\/\/smk-art.de\/art\/wp-json\/wp\/v2\/tags?post=7388"}],"curies":[{"name":"wp","href":"https:\/\/api.w.org\/{rel}","templated":true}]}}