{"id":7431,"date":"2024-10-29T10:53:00","date_gmt":"2024-10-29T08:53:00","guid":{"rendered":"https:\/\/smk-art.de\/art\/?p=7431"},"modified":"2025-01-20T13:43:09","modified_gmt":"2025-01-20T11:43:09","slug":"wdr-kultursommer-2024","status":"publish","type":"post","link":"https:\/\/smk-art.de\/art\/wdr-kultursommer-2024\/","title":{"rendered":"WDR Kultursommer 2024"},"content":{"rendered":"\n<p>Kunst und Kultur aus NRW: Der WDR r\u00fcckt mit dem \u201eWDR Kultursommer\u201c auch in diesem Jahr Kunstschaffende aus NRW in den Fokus und zeigt insgesamt 36 Filmportraits f\u00fcr \u201eHier und Heute\u201c im WDR Fernsehen. \u00dcbergeordnetes Thema ist in diesem Jahr die Heimatliebe.<\/p>\n\n\n\n<p>Es ist eine gro\u00dfe Freude dabei zu sein:  <a href=\"https:\/\/www1.wdr.de\/mediathek\/video\/sendungen\/hier-und-heute\/wdr-kultursommer-susanne-mueller-koelmel-100.html\" target=\"_blank\" rel=\"noreferrer noopener\">WDR-Kultursommer: Susanne M\u00fcller-K\u00f6lmel<\/a><\/p>\n\n\n\n<figure class=\"wp-block-gallery has-nested-images columns-default is-cropped wp-block-gallery-1 is-layout-flex wp-block-gallery-is-layout-flex\">\n<figure class=\"wp-block-image size-large\"><img loading=\"lazy\" decoding=\"async\" width=\"960\" height=\"513\" data-id=\"7434\" src=\"https:\/\/smk-art.de\/art\/wp-content\/uploads\/2024\/07\/wdr-kultursommer-2024-susanne-mueller-koelmel-atelier-memo-sg-3-s.jpg\" alt=\"\" class=\"wp-image-7434\" srcset=\"https:\/\/smk-art.de\/art\/wp-content\/uploads\/2024\/07\/wdr-kultursommer-2024-susanne-mueller-koelmel-atelier-memo-sg-3-s.jpg 960w, https:\/\/smk-art.de\/art\/wp-content\/uploads\/2024\/07\/wdr-kultursommer-2024-susanne-mueller-koelmel-atelier-memo-sg-3-s-300x160.jpg 300w, https:\/\/smk-art.de\/art\/wp-content\/uploads\/2024\/07\/wdr-kultursommer-2024-susanne-mueller-koelmel-atelier-memo-sg-3-s-768x410.jpg 768w\" sizes=\"auto, (max-width: 960px) 100vw, 960px\" \/><\/figure>\n\n\n\n<figure class=\"wp-block-image size-large\"><img loading=\"lazy\" decoding=\"async\" width=\"960\" height=\"542\" data-id=\"7442\" src=\"https:\/\/smk-art.de\/art\/wp-content\/uploads\/2024\/07\/wdr-kultursommer-2024-susanne-mueller-koelmel-memo-odenthaler-weg-1-s.jpg\" alt=\"\" class=\"wp-image-7442\" srcset=\"https:\/\/smk-art.de\/art\/wp-content\/uploads\/2024\/07\/wdr-kultursommer-2024-susanne-mueller-koelmel-memo-odenthaler-weg-1-s.jpg 960w, https:\/\/smk-art.de\/art\/wp-content\/uploads\/2024\/07\/wdr-kultursommer-2024-susanne-mueller-koelmel-memo-odenthaler-weg-1-s-300x169.jpg 300w, https:\/\/smk-art.de\/art\/wp-content\/uploads\/2024\/07\/wdr-kultursommer-2024-susanne-mueller-koelmel-memo-odenthaler-weg-1-s-768x434.jpg 768w\" sizes=\"auto, (max-width: 960px) 100vw, 960px\" \/><\/figure>\n\n\n\n<figure class=\"wp-block-image size-large\"><img loading=\"lazy\" decoding=\"async\" width=\"960\" height=\"516\" data-id=\"7440\" src=\"https:\/\/smk-art.de\/art\/wp-content\/uploads\/2024\/07\/wdr-kultursommer-2024-susanne-mueller-koelmel-memo-bahnhof-4-s.jpg\" alt=\"\" class=\"wp-image-7440\" srcset=\"https:\/\/smk-art.de\/art\/wp-content\/uploads\/2024\/07\/wdr-kultursommer-2024-susanne-mueller-koelmel-memo-bahnhof-4-s.jpg 960w, https:\/\/smk-art.de\/art\/wp-content\/uploads\/2024\/07\/wdr-kultursommer-2024-susanne-mueller-koelmel-memo-bahnhof-4-s-300x161.jpg 300w, https:\/\/smk-art.de\/art\/wp-content\/uploads\/2024\/07\/wdr-kultursommer-2024-susanne-mueller-koelmel-memo-bahnhof-4-s-768x413.jpg 768w\" sizes=\"auto, (max-width: 960px) 100vw, 960px\" \/><\/figure>\n<\/figure>\n\n\n\n<p>Am 13.9.2024 gibt es die <a href=\"https:\/\/www.ardmediathek.de\/video\/wdr\/wdr-kultursommer-die-lange-nacht\/wdr\/Y3JpZDovL3dkci5kZS9CZWl0cmFnLXNvcGhvcmEtODNmMzc4MmUtNjRkMi00OTM2LWFiNTAtODc5NDE4ZWZjM2M2\" target=\"_blank\" rel=\"noreferrer noopener\">\u201eWDR Kultursommer &#8211; Lange Nacht\u201c<\/a> mit allen St\u00fccken, die auch in der ARD Mediathek zu finden sein wird. [mein Beitrag ab 3:22:45]<\/p>\n\n\n\n<figure class=\"wp-block-gallery has-nested-images columns-default is-cropped wp-block-gallery-2 is-layout-flex wp-block-gallery-is-layout-flex\">\n<figure class=\"wp-block-image size-large\"><img loading=\"lazy\" decoding=\"async\" width=\"960\" height=\"614\" data-id=\"7435\" src=\"https:\/\/smk-art.de\/art\/wp-content\/uploads\/2024\/07\/wdr-kultursommer-2024-susanne-mueller-koelmel-atelier-memo-sg-4-s.jpg\" alt=\"\" class=\"wp-image-7435\" srcset=\"https:\/\/smk-art.de\/art\/wp-content\/uploads\/2024\/07\/wdr-kultursommer-2024-susanne-mueller-koelmel-atelier-memo-sg-4-s.jpg 960w, https:\/\/smk-art.de\/art\/wp-content\/uploads\/2024\/07\/wdr-kultursommer-2024-susanne-mueller-koelmel-atelier-memo-sg-4-s-300x192.jpg 300w, https:\/\/smk-art.de\/art\/wp-content\/uploads\/2024\/07\/wdr-kultursommer-2024-susanne-mueller-koelmel-atelier-memo-sg-4-s-768x491.jpg 768w\" sizes=\"auto, (max-width: 960px) 100vw, 960px\" \/><\/figure>\n\n\n\n<figure class=\"wp-block-image size-large\"><img loading=\"lazy\" decoding=\"async\" width=\"960\" height=\"542\" data-id=\"7512\" src=\"https:\/\/smk-art.de\/art\/wp-content\/uploads\/2024\/09\/wdr-kultursommer-logo.jpg\" alt=\"\" class=\"wp-image-7512\" srcset=\"https:\/\/smk-art.de\/art\/wp-content\/uploads\/2024\/09\/wdr-kultursommer-logo.jpg 960w, https:\/\/smk-art.de\/art\/wp-content\/uploads\/2024\/09\/wdr-kultursommer-logo-300x169.jpg 300w, https:\/\/smk-art.de\/art\/wp-content\/uploads\/2024\/09\/wdr-kultursommer-logo-768x434.jpg 768w\" sizes=\"auto, (max-width: 960px) 100vw, 960px\" \/><\/figure>\n\n\n\n<figure class=\"wp-block-image size-large\"><img loading=\"lazy\" decoding=\"async\" width=\"960\" height=\"513\" data-id=\"7434\" src=\"https:\/\/smk-art.de\/art\/wp-content\/uploads\/2024\/07\/wdr-kultursommer-2024-susanne-mueller-koelmel-atelier-memo-sg-3-s.jpg\" alt=\"\" class=\"wp-image-7434\" srcset=\"https:\/\/smk-art.de\/art\/wp-content\/uploads\/2024\/07\/wdr-kultursommer-2024-susanne-mueller-koelmel-atelier-memo-sg-3-s.jpg 960w, https:\/\/smk-art.de\/art\/wp-content\/uploads\/2024\/07\/wdr-kultursommer-2024-susanne-mueller-koelmel-atelier-memo-sg-3-s-300x160.jpg 300w, https:\/\/smk-art.de\/art\/wp-content\/uploads\/2024\/07\/wdr-kultursommer-2024-susanne-mueller-koelmel-atelier-memo-sg-3-s-768x410.jpg 768w\" sizes=\"auto, (max-width: 960px) 100vw, 960px\" \/><\/figure>\n<\/figure>\n","protected":false},"excerpt":{"rendered":"<p>Kunst und Kultur aus NRW: Der WDR r\u00fcckt mit dem \u201eWDR Kultursommer\u201c auch in diesem Jahr Kunstschaffende aus NRW in den Fokus und zeigt insgesamt 36 Filmportraits f\u00fcr \u201eHier und Heute\u201c im WDR Fernsehen. \u00dcbergeordnetes Thema ist in diesem Jahr die Heimatliebe. Es ist eine gro\u00dfe Freude dabei zu sein: WDR-Kultursommer: Susanne M\u00fcller-K\u00f6lmel Am 13.9.2024 [&hellip;]<\/p>\n","protected":false},"author":2,"featured_media":7512,"comment_status":"closed","ping_status":"","sticky":false,"template":"","format":"standard","meta":{"_uag_custom_page_level_css":"","pgc_sgb_lightbox_settings":"","ocean_post_layout":"","ocean_both_sidebars_style":"","ocean_both_sidebars_content_width":0,"ocean_both_sidebars_sidebars_width":0,"ocean_sidebar":"","ocean_second_sidebar":"","ocean_disable_margins":"enable","ocean_add_body_class":"","ocean_shortcode_before_top_bar":"","ocean_shortcode_after_top_bar":"","ocean_shortcode_before_header":"","ocean_shortcode_after_header":"","ocean_has_shortcode":"","ocean_shortcode_after_title":"","ocean_shortcode_before_footer_widgets":"","ocean_shortcode_after_footer_widgets":"","ocean_shortcode_before_footer_bottom":"","ocean_shortcode_after_footer_bottom":"","ocean_display_top_bar":"default","ocean_display_header":"default","ocean_header_style":"","ocean_center_header_left_menu":"","ocean_custom_header_template":"","ocean_custom_logo":0,"ocean_custom_retina_logo":0,"ocean_custom_logo_max_width":0,"ocean_custom_logo_tablet_max_width":0,"ocean_custom_logo_mobile_max_width":0,"ocean_custom_logo_max_height":0,"ocean_custom_logo_tablet_max_height":0,"ocean_custom_logo_mobile_max_height":0,"ocean_header_custom_menu":"","ocean_menu_typo_font_family":"","ocean_menu_typo_font_subset":"","ocean_menu_typo_font_size":0,"ocean_menu_typo_font_size_tablet":0,"ocean_menu_typo_font_size_mobile":0,"ocean_menu_typo_font_size_unit":"px","ocean_menu_typo_font_weight":"","ocean_menu_typo_font_weight_tablet":"","ocean_menu_typo_font_weight_mobile":"","ocean_menu_typo_transform":"","ocean_menu_typo_transform_tablet":"","ocean_menu_typo_transform_mobile":"","ocean_menu_typo_line_height":0,"ocean_menu_typo_line_height_tablet":0,"ocean_menu_typo_line_height_mobile":0,"ocean_menu_typo_line_height_unit":"","ocean_menu_typo_spacing":0,"ocean_menu_typo_spacing_tablet":0,"ocean_menu_typo_spacing_mobile":0,"ocean_menu_typo_spacing_unit":"","ocean_menu_link_color":"","ocean_menu_link_color_hover":"","ocean_menu_link_color_active":"","ocean_menu_link_background":"","ocean_menu_link_hover_background":"","ocean_menu_link_active_background":"","ocean_menu_social_links_bg":"","ocean_menu_social_hover_links_bg":"","ocean_menu_social_links_color":"","ocean_menu_social_hover_links_color":"","ocean_disable_title":"default","ocean_disable_heading":"default","ocean_post_title":"","ocean_post_subheading":"","ocean_post_title_style":"","ocean_post_title_background_color":"","ocean_post_title_background":0,"ocean_post_title_bg_image_position":"","ocean_post_title_bg_image_attachment":"","ocean_post_title_bg_image_repeat":"","ocean_post_title_bg_image_size":"","ocean_post_title_height":0,"ocean_post_title_bg_overlay":0.5,"ocean_post_title_bg_overlay_color":"","ocean_disable_breadcrumbs":"default","ocean_breadcrumbs_color":"","ocean_breadcrumbs_separator_color":"","ocean_breadcrumbs_links_color":"","ocean_breadcrumbs_links_hover_color":"","ocean_display_footer_widgets":"default","ocean_display_footer_bottom":"default","ocean_custom_footer_template":"","ocean_post_oembed":"","ocean_post_self_hosted_media":"","ocean_post_video_embed":"","ocean_link_format":"","ocean_link_format_target":"self","ocean_quote_format":"","ocean_quote_format_link":"post","ocean_gallery_link_images":"on","ocean_gallery_id":[],"footnotes":""},"categories":[21,6,26],"tags":[],"class_list":["post-7431","post","type-post","status-publish","format-standard","has-post-thumbnail","hentry","category-aktuelle-ausstellungen","category-ausstellungen","category-tv","entry","has-media"],"featured_image_src":"https:\/\/smk-art.de\/art\/wp-content\/uploads\/2024\/09\/wdr-kultursommer-logo.jpg","author_info":{"display_name":"Susanne M\u00fcller-K\u00f6lmel","author_link":"https:\/\/smk-art.de\/art\/author\/susanne\/"},"uagb_featured_image_src":{"full":["https:\/\/smk-art.de\/art\/wp-content\/uploads\/2024\/09\/wdr-kultursommer-logo.jpg",960,542,false],"thumbnail":["https:\/\/smk-art.de\/art\/wp-content\/uploads\/2024\/09\/wdr-kultursommer-logo-280x280.jpg",280,280,true],"medium":["https:\/\/smk-art.de\/art\/wp-content\/uploads\/2024\/09\/wdr-kultursommer-logo-300x169.jpg",300,169,true],"medium_large":["https:\/\/smk-art.de\/art\/wp-content\/uploads\/2024\/09\/wdr-kultursommer-logo-768x434.jpg",768,434,true],"large":["https:\/\/smk-art.de\/art\/wp-content\/uploads\/2024\/09\/wdr-kultursommer-logo.jpg",960,542,false],"1536x1536":["https:\/\/smk-art.de\/art\/wp-content\/uploads\/2024\/09\/wdr-kultursommer-logo.jpg",960,542,false],"2048x2048":["https:\/\/smk-art.de\/art\/wp-content\/uploads\/2024\/09\/wdr-kultursommer-logo.jpg",960,542,false],"ocean-thumb-m":["https:\/\/smk-art.de\/art\/wp-content\/uploads\/2024\/09\/wdr-kultursommer-logo-600x542.jpg",600,542,true],"ocean-thumb-ml":["https:\/\/smk-art.de\/art\/wp-content\/uploads\/2024\/09\/wdr-kultursommer-logo-800x450.jpg",800,450,true],"ocean-thumb-l":["https:\/\/smk-art.de\/art\/wp-content\/uploads\/2024\/09\/wdr-kultursommer-logo.jpg",960,542,false]},"uagb_author_info":{"display_name":"Susanne M\u00fcller-K\u00f6lmel","author_link":"https:\/\/smk-art.de\/art\/author\/susanne\/"},"uagb_comment_info":0,"uagb_excerpt":"Kunst und Kultur aus NRW: Der WDR r\u00fcckt mit dem \u201eWDR Kultursommer\u201c auch in diesem Jahr Kunstschaffende aus NRW in den Fokus und zeigt insgesamt 36 Filmportraits f\u00fcr \u201eHier und Heute\u201c im WDR Fernsehen. \u00dcbergeordnetes Thema ist in diesem Jahr die Heimatliebe. Es ist eine gro\u00dfe Freude dabei zu sein: WDR-Kultursommer: Susanne M\u00fcller-K\u00f6lmel Am 13.9.2024&hellip;","_links":{"self":[{"href":"https:\/\/smk-art.de\/art\/wp-json\/wp\/v2\/posts\/7431","targetHints":{"allow":["GET"]}}],"collection":[{"href":"https:\/\/smk-art.de\/art\/wp-json\/wp\/v2\/posts"}],"about":[{"href":"https:\/\/smk-art.de\/art\/wp-json\/wp\/v2\/types\/post"}],"author":[{"embeddable":true,"href":"https:\/\/smk-art.de\/art\/wp-json\/wp\/v2\/users\/2"}],"replies":[{"embeddable":true,"href":"https:\/\/smk-art.de\/art\/wp-json\/wp\/v2\/comments?post=7431"}],"version-history":[{"count":18,"href":"https:\/\/smk-art.de\/art\/wp-json\/wp\/v2\/posts\/7431\/revisions"}],"predecessor-version":[{"id":7824,"href":"https:\/\/smk-art.de\/art\/wp-json\/wp\/v2\/posts\/7431\/revisions\/7824"}],"wp:featuredmedia":[{"embeddable":true,"href":"https:\/\/smk-art.de\/art\/wp-json\/wp\/v2\/media\/7512"}],"wp:attachment":[{"href":"https:\/\/smk-art.de\/art\/wp-json\/wp\/v2\/media?parent=7431"}],"wp:term":[{"taxonomy":"category","embeddable":true,"href":"https:\/\/smk-art.de\/art\/wp-json\/wp\/v2\/categories?post=7431"},{"taxonomy":"post_tag","embeddable":true,"href":"https:\/\/smk-art.de\/art\/wp-json\/wp\/v2\/tags?post=7431"}],"curies":[{"name":"wp","href":"https:\/\/api.w.org\/{rel}","templated":true}]}}