{"id":7898,"date":"2025-03-15T19:08:56","date_gmt":"2025-03-15T17:08:56","guid":{"rendered":"https:\/\/smk-art.de\/art\/?p=7898"},"modified":"2025-04-30T10:45:25","modified_gmt":"2025-04-30T08:45:25","slug":"werkschau-der-gedok-wuppertal","status":"publish","type":"post","link":"https:\/\/smk-art.de\/art\/werkschau-der-gedok-wuppertal\/","title":{"rendered":"Werkschau der GEDOK Wuppertal\u00a0"},"content":{"rendered":"\n<p>Vom 30. M\u00e4rz bis 13. April 2025 zeigen 19 K\u00fcnstlerinnen aktuelle Arbeiten in der Ruhr Gallery M\u00fclheim.<\/p>\n\n\n\n<p>Im Rahmen dieser Werkschau der Fachabteilung Bildende Kunst der GEDOK Wuppertal e.V. vermitteln 19 K\u00fcnstlerinnen einen Einblick in ihr aktuelles k\u00fcnstlerisches Schaffen.&nbsp;<\/p>\n\n\n\n<p>Er\u00f6ffnung: Sonntag, 30. M\u00e4rz 2025, 16.00 Uhr, Galerie an der Ruhr, Ruhrstra\u00dfe 3, 45468 M\u00fclheim a.d. Ruhr<\/p>\n\n\n\n<p>Die GEDOK-Autorin&nbsp;<strong>Dr. Jutta H\u00f6fel<\/strong>&nbsp;wird im Rahmen der Vernissage einen umfassenden Ein- und \u00dcberblick \u00fcber die ausgestellten Exponate vermitteln.<\/p>\n\n\n\n<p><strong>Das ist neu:<\/strong><br>Auf einer Sonderfl\u00e4che werden verschiedenste Exponate der K\u00fcnstlerinnen zum direkten Kauf angeboten, wobei ein Teil des Verkaufspreises als Spende an die&nbsp;<strong>Aktion \u201eW\u00fcnsche wagen\u201c<\/strong>&nbsp;geht.<\/p>\n\n\n\n<figure class=\"wp-block-gallery has-nested-images columns-default is-cropped wp-block-gallery-1 is-layout-flex wp-block-gallery-is-layout-flex\">\n<figure class=\"wp-block-image size-large\"><img loading=\"lazy\" decoding=\"async\" width=\"960\" height=\"497\" data-id=\"7987\" src=\"https:\/\/smk-art.de\/art\/wp-content\/uploads\/2025\/03\/gedok-werkschau-2024-2025-susanne-mueller-koelmel.jpg\" alt=\"\" class=\"wp-image-7987\" srcset=\"https:\/\/smk-art.de\/art\/wp-content\/uploads\/2025\/03\/gedok-werkschau-2024-2025-susanne-mueller-koelmel.jpg 960w, https:\/\/smk-art.de\/art\/wp-content\/uploads\/2025\/03\/gedok-werkschau-2024-2025-susanne-mueller-koelmel-300x155.jpg 300w, https:\/\/smk-art.de\/art\/wp-content\/uploads\/2025\/03\/gedok-werkschau-2024-2025-susanne-mueller-koelmel-768x398.jpg 768w\" sizes=\"auto, (max-width: 960px) 100vw, 960px\" \/><\/figure>\n<\/figure>\n","protected":false},"excerpt":{"rendered":"<p>Vom 30. M\u00e4rz bis 13. April 2025 zeigen 19 K\u00fcnstlerinnen aktuelle Arbeiten in der Ruhr Gallery M\u00fclheim. Im Rahmen dieser Werkschau der Fachabteilung Bildende Kunst der GEDOK Wuppertal e.V. vermitteln 19 K\u00fcnstlerinnen einen Einblick in ihr aktuelles k\u00fcnstlerisches Schaffen.&nbsp; Er\u00f6ffnung: Sonntag, 30. M\u00e4rz 2025, 16.00 Uhr, Galerie an der Ruhr, Ruhrstra\u00dfe 3, 45468 M\u00fclheim a.d. [&hellip;]<\/p>\n","protected":false},"author":2,"featured_media":7899,"comment_status":"closed","ping_status":"","sticky":false,"template":"","format":"standard","meta":{"_uag_custom_page_level_css":"","pgc_sgb_lightbox_settings":"","ocean_post_layout":"","ocean_both_sidebars_style":"","ocean_both_sidebars_content_width":0,"ocean_both_sidebars_sidebars_width":0,"ocean_sidebar":"","ocean_second_sidebar":"","ocean_disable_margins":"enable","ocean_add_body_class":"","ocean_shortcode_before_top_bar":"","ocean_shortcode_after_top_bar":"","ocean_shortcode_before_header":"","ocean_shortcode_after_header":"","ocean_has_shortcode":"","ocean_shortcode_after_title":"","ocean_shortcode_before_footer_widgets":"","ocean_shortcode_after_footer_widgets":"","ocean_shortcode_before_footer_bottom":"","ocean_shortcode_after_footer_bottom":"","ocean_display_top_bar":"default","ocean_display_header":"default","ocean_header_style":"","ocean_center_header_left_menu":"","ocean_custom_header_template":"","ocean_custom_logo":0,"ocean_custom_retina_logo":0,"ocean_custom_logo_max_width":0,"ocean_custom_logo_tablet_max_width":0,"ocean_custom_logo_mobile_max_width":0,"ocean_custom_logo_max_height":0,"ocean_custom_logo_tablet_max_height":0,"ocean_custom_logo_mobile_max_height":0,"ocean_header_custom_menu":"","ocean_menu_typo_font_family":"","ocean_menu_typo_font_subset":"","ocean_menu_typo_font_size":0,"ocean_menu_typo_font_size_tablet":0,"ocean_menu_typo_font_size_mobile":0,"ocean_menu_typo_font_size_unit":"px","ocean_menu_typo_font_weight":"","ocean_menu_typo_font_weight_tablet":"","ocean_menu_typo_font_weight_mobile":"","ocean_menu_typo_transform":"","ocean_menu_typo_transform_tablet":"","ocean_menu_typo_transform_mobile":"","ocean_menu_typo_line_height":0,"ocean_menu_typo_line_height_tablet":0,"ocean_menu_typo_line_height_mobile":0,"ocean_menu_typo_line_height_unit":"","ocean_menu_typo_spacing":0,"ocean_menu_typo_spacing_tablet":0,"ocean_menu_typo_spacing_mobile":0,"ocean_menu_typo_spacing_unit":"","ocean_menu_link_color":"","ocean_menu_link_color_hover":"","ocean_menu_link_color_active":"","ocean_menu_link_background":"","ocean_menu_link_hover_background":"","ocean_menu_link_active_background":"","ocean_menu_social_links_bg":"","ocean_menu_social_hover_links_bg":"","ocean_menu_social_links_color":"","ocean_menu_social_hover_links_color":"","ocean_disable_title":"default","ocean_disable_heading":"default","ocean_post_title":"","ocean_post_subheading":"","ocean_post_title_style":"","ocean_post_title_background_color":"","ocean_post_title_background":0,"ocean_post_title_bg_image_position":"","ocean_post_title_bg_image_attachment":"","ocean_post_title_bg_image_repeat":"","ocean_post_title_bg_image_size":"","ocean_post_title_height":0,"ocean_post_title_bg_overlay":0.5,"ocean_post_title_bg_overlay_color":"","ocean_disable_breadcrumbs":"default","ocean_breadcrumbs_color":"","ocean_breadcrumbs_separator_color":"","ocean_breadcrumbs_links_color":"","ocean_breadcrumbs_links_hover_color":"","ocean_display_footer_widgets":"default","ocean_display_footer_bottom":"default","ocean_custom_footer_template":"","ocean_post_oembed":"","ocean_post_self_hosted_media":"","ocean_post_video_embed":"","ocean_link_format":"","ocean_link_format_target":"self","ocean_quote_format":"","ocean_quote_format_link":"post","ocean_gallery_link_images":"on","ocean_gallery_id":[],"footnotes":""},"categories":[6,22],"tags":[],"class_list":["post-7898","post","type-post","status-publish","format-standard","has-post-thumbnail","hentry","category-ausstellungen","category-rueckblick","entry","has-media"],"featured_image_src":"https:\/\/smk-art.de\/art\/wp-content\/uploads\/2025\/03\/GEDOK-jahresausstellung-s1-2025-susanne-mueller-koelmel.jpg","author_info":{"display_name":"Susanne M\u00fcller-K\u00f6lmel","author_link":"https:\/\/smk-art.de\/art\/author\/susanne\/"},"uagb_featured_image_src":{"full":["https:\/\/smk-art.de\/art\/wp-content\/uploads\/2025\/03\/GEDOK-jahresausstellung-s1-2025-susanne-mueller-koelmel.jpg",960,492,false],"thumbnail":["https:\/\/smk-art.de\/art\/wp-content\/uploads\/2025\/03\/GEDOK-jahresausstellung-s1-2025-susanne-mueller-koelmel-280x280.jpg",280,280,true],"medium":["https:\/\/smk-art.de\/art\/wp-content\/uploads\/2025\/03\/GEDOK-jahresausstellung-s1-2025-susanne-mueller-koelmel-300x154.jpg",300,154,true],"medium_large":["https:\/\/smk-art.de\/art\/wp-content\/uploads\/2025\/03\/GEDOK-jahresausstellung-s1-2025-susanne-mueller-koelmel-768x394.jpg",768,394,true],"large":["https:\/\/smk-art.de\/art\/wp-content\/uploads\/2025\/03\/GEDOK-jahresausstellung-s1-2025-susanne-mueller-koelmel.jpg",960,492,false],"1536x1536":["https:\/\/smk-art.de\/art\/wp-content\/uploads\/2025\/03\/GEDOK-jahresausstellung-s1-2025-susanne-mueller-koelmel.jpg",960,492,false],"2048x2048":["https:\/\/smk-art.de\/art\/wp-content\/uploads\/2025\/03\/GEDOK-jahresausstellung-s1-2025-susanne-mueller-koelmel.jpg",960,492,false],"ocean-thumb-m":["https:\/\/smk-art.de\/art\/wp-content\/uploads\/2025\/03\/GEDOK-jahresausstellung-s1-2025-susanne-mueller-koelmel-600x492.jpg",600,492,true],"ocean-thumb-ml":["https:\/\/smk-art.de\/art\/wp-content\/uploads\/2025\/03\/GEDOK-jahresausstellung-s1-2025-susanne-mueller-koelmel-800x450.jpg",800,450,true],"ocean-thumb-l":["https:\/\/smk-art.de\/art\/wp-content\/uploads\/2025\/03\/GEDOK-jahresausstellung-s1-2025-susanne-mueller-koelmel.jpg",960,492,false]},"uagb_author_info":{"display_name":"Susanne M\u00fcller-K\u00f6lmel","author_link":"https:\/\/smk-art.de\/art\/author\/susanne\/"},"uagb_comment_info":0,"uagb_excerpt":"Vom 30. M\u00e4rz bis 13. April 2025 zeigen 19 K\u00fcnstlerinnen aktuelle Arbeiten in der Ruhr Gallery M\u00fclheim. Im Rahmen dieser Werkschau der Fachabteilung Bildende Kunst der GEDOK Wuppertal e.V. vermitteln 19 K\u00fcnstlerinnen einen Einblick in ihr aktuelles k\u00fcnstlerisches Schaffen.&nbsp; Er\u00f6ffnung: Sonntag, 30. M\u00e4rz 2025, 16.00 Uhr, Galerie an der Ruhr, Ruhrstra\u00dfe 3, 45468 M\u00fclheim a.d.&hellip;","_links":{"self":[{"href":"https:\/\/smk-art.de\/art\/wp-json\/wp\/v2\/posts\/7898","targetHints":{"allow":["GET"]}}],"collection":[{"href":"https:\/\/smk-art.de\/art\/wp-json\/wp\/v2\/posts"}],"about":[{"href":"https:\/\/smk-art.de\/art\/wp-json\/wp\/v2\/types\/post"}],"author":[{"embeddable":true,"href":"https:\/\/smk-art.de\/art\/wp-json\/wp\/v2\/users\/2"}],"replies":[{"embeddable":true,"href":"https:\/\/smk-art.de\/art\/wp-json\/wp\/v2\/comments?post=7898"}],"version-history":[{"count":8,"href":"https:\/\/smk-art.de\/art\/wp-json\/wp\/v2\/posts\/7898\/revisions"}],"predecessor-version":[{"id":8019,"href":"https:\/\/smk-art.de\/art\/wp-json\/wp\/v2\/posts\/7898\/revisions\/8019"}],"wp:featuredmedia":[{"embeddable":true,"href":"https:\/\/smk-art.de\/art\/wp-json\/wp\/v2\/media\/7899"}],"wp:attachment":[{"href":"https:\/\/smk-art.de\/art\/wp-json\/wp\/v2\/media?parent=7898"}],"wp:term":[{"taxonomy":"category","embeddable":true,"href":"https:\/\/smk-art.de\/art\/wp-json\/wp\/v2\/categories?post=7898"},{"taxonomy":"post_tag","embeddable":true,"href":"https:\/\/smk-art.de\/art\/wp-json\/wp\/v2\/tags?post=7898"}],"curies":[{"name":"wp","href":"https:\/\/api.w.org\/{rel}","templated":true}]}}