{"id":8245,"date":"2025-08-25T19:09:00","date_gmt":"2025-08-25T17:09:00","guid":{"rendered":"https:\/\/smk-art.de\/art\/?p=8245"},"modified":"2025-09-29T14:42:51","modified_gmt":"2025-09-29T12:42:51","slug":"come-together-2","status":"publish","type":"post","link":"https:\/\/smk-art.de\/art\/come-together-2\/","title":{"rendered":"Come together"},"content":{"rendered":"\n<p>Solingen meets Krefeld | <a href=\"https:\/\/www.gkk-ev.de\" target=\"_blank\" rel=\"noreferrer noopener\">SK bei GKK<\/a> im Krefelder Kunstspektrum<\/p>\n\n\n\n<p>Der Titel der Ausstellung \u201eCome together\u201c steht im Kontext\u00a0des k\u00fcnstlerischen Austauschs der beiden K\u00fcnstlervereine aus Krefeld und Solingen. 2024 stellte der <a href=\"https:\/\/www.gkk-ev.de\/startseite\" target=\"_blank\" rel=\"noreferrer noopener\">GKK Krefeld<\/a> in den Galerier\u00e4umen der <a href=\"https:\/\/www.solingerkuenstler.de\" target=\"_blank\" rel=\"noreferrer noopener\">Solinger K\u00fcnstler e.V.<\/a> in Solingen aus. Im Krefelder Kunstspektrum findet nun im August 2025 der Gegenbesuch satt.<\/p>\n\n\n\n<p>29.8.-28.9.2025,&nbsp;<a href=\"https:\/\/www.gkk-ev.de\/ausstellungen\" target=\"_blank\" rel=\"noreferrer noopener\">Kunstspektrum Krefeld<\/a>, Sankt-Anton-Stra\u00dfe 90, 47798 Krefeld<\/p>\n\n\n\n<figure class=\"wp-block-gallery has-nested-images columns-default is-cropped wp-block-gallery-1 is-layout-flex wp-block-gallery-is-layout-flex\">\n<figure class=\"wp-block-image size-large\"><a href=\"https:\/\/smk-art.de\/art\/wp-content\/uploads\/2025\/04\/himmel-auf-erden-ausstellungsansicht-trotzalledem-detail-kunstmuseum-sg-susanne-mueller-koelmel-3.jpg\"><img loading=\"lazy\" decoding=\"async\" width=\"720\" height=\"960\" data-id=\"8001\" src=\"https:\/\/smk-art.de\/art\/wp-content\/uploads\/2025\/04\/himmel-auf-erden-ausstellungsansicht-trotzalledem-detail-kunstmuseum-sg-susanne-mueller-koelmel-3.jpg\" alt=\"\" class=\"wp-image-8001\" srcset=\"https:\/\/smk-art.de\/art\/wp-content\/uploads\/2025\/04\/himmel-auf-erden-ausstellungsansicht-trotzalledem-detail-kunstmuseum-sg-susanne-mueller-koelmel-3.jpg 720w, https:\/\/smk-art.de\/art\/wp-content\/uploads\/2025\/04\/himmel-auf-erden-ausstellungsansicht-trotzalledem-detail-kunstmuseum-sg-susanne-mueller-koelmel-3-225x300.jpg 225w\" sizes=\"auto, (max-width: 720px) 100vw, 720px\" \/><\/a><\/figure>\n\n\n\n<figure class=\"wp-block-image size-large\"><a href=\"https:\/\/smk-art.de\/art\/wp-content\/uploads\/2025\/04\/himmel-auf-erden-ausstellungsansicht-trotzalledem-kunstmuseum-sg-susanne-mueller-koelmel-1a.jpg\"><img loading=\"lazy\" decoding=\"async\" width=\"960\" height=\"713\" data-id=\"8007\" src=\"https:\/\/smk-art.de\/art\/wp-content\/uploads\/2025\/04\/himmel-auf-erden-ausstellungsansicht-trotzalledem-kunstmuseum-sg-susanne-mueller-koelmel-1a.jpg\" alt=\"\" class=\"wp-image-8007\" srcset=\"https:\/\/smk-art.de\/art\/wp-content\/uploads\/2025\/04\/himmel-auf-erden-ausstellungsansicht-trotzalledem-kunstmuseum-sg-susanne-mueller-koelmel-1a.jpg 960w, https:\/\/smk-art.de\/art\/wp-content\/uploads\/2025\/04\/himmel-auf-erden-ausstellungsansicht-trotzalledem-kunstmuseum-sg-susanne-mueller-koelmel-1a-300x223.jpg 300w, https:\/\/smk-art.de\/art\/wp-content\/uploads\/2025\/04\/himmel-auf-erden-ausstellungsansicht-trotzalledem-kunstmuseum-sg-susanne-mueller-koelmel-1a-768x570.jpg 768w\" sizes=\"auto, (max-width: 960px) 100vw, 960px\" \/><\/a><\/figure>\n\n\n\n<figure class=\"wp-block-image size-large\"><a href=\"https:\/\/smk-art.de\/art\/wp-content\/uploads\/2025\/04\/himmel-auf-erden-ausstellungsansicht-trotzalledem-detail-kunstmuseum-sg-susanne-mueller-koelmel-4.jpg\"><img loading=\"lazy\" decoding=\"async\" width=\"960\" height=\"774\" data-id=\"8002\" src=\"https:\/\/smk-art.de\/art\/wp-content\/uploads\/2025\/04\/himmel-auf-erden-ausstellungsansicht-trotzalledem-detail-kunstmuseum-sg-susanne-mueller-koelmel-4.jpg\" alt=\"\" class=\"wp-image-8002\" srcset=\"https:\/\/smk-art.de\/art\/wp-content\/uploads\/2025\/04\/himmel-auf-erden-ausstellungsansicht-trotzalledem-detail-kunstmuseum-sg-susanne-mueller-koelmel-4.jpg 960w, https:\/\/smk-art.de\/art\/wp-content\/uploads\/2025\/04\/himmel-auf-erden-ausstellungsansicht-trotzalledem-detail-kunstmuseum-sg-susanne-mueller-koelmel-4-300x242.jpg 300w, https:\/\/smk-art.de\/art\/wp-content\/uploads\/2025\/04\/himmel-auf-erden-ausstellungsansicht-trotzalledem-detail-kunstmuseum-sg-susanne-mueller-koelmel-4-768x619.jpg 768w\" sizes=\"auto, (max-width: 960px) 100vw, 960px\" \/><\/a><\/figure>\n<\/figure>\n","protected":false},"excerpt":{"rendered":"<p>Solingen meets Krefeld | SK bei GKK im Krefelder Kunstspektrum Der Titel der Ausstellung \u201eCome together\u201c steht im Kontext\u00a0des k\u00fcnstlerischen Austauschs der beiden K\u00fcnstlervereine aus Krefeld und Solingen. 2024 stellte der GKK Krefeld in den Galerier\u00e4umen der Solinger K\u00fcnstler e.V. in Solingen aus. Im Krefelder Kunstspektrum findet nun im August 2025 der Gegenbesuch satt. 29.8.-28.9.2025,&nbsp;Kunstspektrum [&hellip;]<\/p>\n","protected":false},"author":2,"featured_media":8212,"comment_status":"closed","ping_status":"","sticky":false,"template":"","format":"standard","meta":{"_uag_custom_page_level_css":"","pgc_sgb_lightbox_settings":"","ocean_post_layout":"","ocean_both_sidebars_style":"","ocean_both_sidebars_content_width":0,"ocean_both_sidebars_sidebars_width":0,"ocean_sidebar":"","ocean_second_sidebar":"","ocean_disable_margins":"enable","ocean_add_body_class":"","ocean_shortcode_before_top_bar":"","ocean_shortcode_after_top_bar":"","ocean_shortcode_before_header":"","ocean_shortcode_after_header":"","ocean_has_shortcode":"","ocean_shortcode_after_title":"","ocean_shortcode_before_footer_widgets":"","ocean_shortcode_after_footer_widgets":"","ocean_shortcode_before_footer_bottom":"","ocean_shortcode_after_footer_bottom":"","ocean_display_top_bar":"default","ocean_display_header":"default","ocean_header_style":"","ocean_center_header_left_menu":"","ocean_custom_header_template":"","ocean_custom_logo":0,"ocean_custom_retina_logo":0,"ocean_custom_logo_max_width":0,"ocean_custom_logo_tablet_max_width":0,"ocean_custom_logo_mobile_max_width":0,"ocean_custom_logo_max_height":0,"ocean_custom_logo_tablet_max_height":0,"ocean_custom_logo_mobile_max_height":0,"ocean_header_custom_menu":"","ocean_menu_typo_font_family":"","ocean_menu_typo_font_subset":"","ocean_menu_typo_font_size":0,"ocean_menu_typo_font_size_tablet":0,"ocean_menu_typo_font_size_mobile":0,"ocean_menu_typo_font_size_unit":"px","ocean_menu_typo_font_weight":"","ocean_menu_typo_font_weight_tablet":"","ocean_menu_typo_font_weight_mobile":"","ocean_menu_typo_transform":"","ocean_menu_typo_transform_tablet":"","ocean_menu_typo_transform_mobile":"","ocean_menu_typo_line_height":0,"ocean_menu_typo_line_height_tablet":0,"ocean_menu_typo_line_height_mobile":0,"ocean_menu_typo_line_height_unit":"","ocean_menu_typo_spacing":0,"ocean_menu_typo_spacing_tablet":0,"ocean_menu_typo_spacing_mobile":0,"ocean_menu_typo_spacing_unit":"","ocean_menu_link_color":"","ocean_menu_link_color_hover":"","ocean_menu_link_color_active":"","ocean_menu_link_background":"","ocean_menu_link_hover_background":"","ocean_menu_link_active_background":"","ocean_menu_social_links_bg":"","ocean_menu_social_hover_links_bg":"","ocean_menu_social_links_color":"","ocean_menu_social_hover_links_color":"","ocean_disable_title":"default","ocean_disable_heading":"default","ocean_post_title":"","ocean_post_subheading":"","ocean_post_title_style":"","ocean_post_title_background_color":"","ocean_post_title_background":0,"ocean_post_title_bg_image_position":"","ocean_post_title_bg_image_attachment":"","ocean_post_title_bg_image_repeat":"","ocean_post_title_bg_image_size":"","ocean_post_title_height":0,"ocean_post_title_bg_overlay":0.5,"ocean_post_title_bg_overlay_color":"","ocean_disable_breadcrumbs":"default","ocean_breadcrumbs_color":"","ocean_breadcrumbs_separator_color":"","ocean_breadcrumbs_links_color":"","ocean_breadcrumbs_links_hover_color":"","ocean_display_footer_widgets":"default","ocean_display_footer_bottom":"default","ocean_custom_footer_template":"","ocean_post_oembed":"","ocean_post_self_hosted_media":"","ocean_post_video_embed":"","ocean_link_format":"","ocean_link_format_target":"self","ocean_quote_format":"","ocean_quote_format_link":"post","ocean_gallery_link_images":"on","ocean_gallery_id":[],"footnotes":""},"categories":[6,22],"tags":[],"class_list":["post-8245","post","type-post","status-publish","format-standard","has-post-thumbnail","hentry","category-ausstellungen","category-rueckblick","entry","has-media"],"featured_image_src":"https:\/\/smk-art.de\/art\/wp-content\/uploads\/2025\/08\/come-together-sk-krefeld-s1-susanne-mueller-koelmel.jpg","author_info":{"display_name":"Susanne M\u00fcller-K\u00f6lmel","author_link":"https:\/\/smk-art.de\/art\/author\/susanne\/"},"uagb_featured_image_src":{"full":["https:\/\/smk-art.de\/art\/wp-content\/uploads\/2025\/08\/come-together-sk-krefeld-s1-susanne-mueller-koelmel.jpg",960,480,false],"thumbnail":["https:\/\/smk-art.de\/art\/wp-content\/uploads\/2025\/08\/come-together-sk-krefeld-s1-susanne-mueller-koelmel-280x280.jpg",280,280,true],"medium":["https:\/\/smk-art.de\/art\/wp-content\/uploads\/2025\/08\/come-together-sk-krefeld-s1-susanne-mueller-koelmel-300x150.jpg",300,150,true],"medium_large":["https:\/\/smk-art.de\/art\/wp-content\/uploads\/2025\/08\/come-together-sk-krefeld-s1-susanne-mueller-koelmel-768x384.jpg",768,384,true],"large":["https:\/\/smk-art.de\/art\/wp-content\/uploads\/2025\/08\/come-together-sk-krefeld-s1-susanne-mueller-koelmel.jpg",960,480,false],"1536x1536":["https:\/\/smk-art.de\/art\/wp-content\/uploads\/2025\/08\/come-together-sk-krefeld-s1-susanne-mueller-koelmel.jpg",960,480,false],"2048x2048":["https:\/\/smk-art.de\/art\/wp-content\/uploads\/2025\/08\/come-together-sk-krefeld-s1-susanne-mueller-koelmel.jpg",960,480,false],"ocean-thumb-m":["https:\/\/smk-art.de\/art\/wp-content\/uploads\/2025\/08\/come-together-sk-krefeld-s1-susanne-mueller-koelmel-600x480.jpg",600,480,true],"ocean-thumb-ml":["https:\/\/smk-art.de\/art\/wp-content\/uploads\/2025\/08\/come-together-sk-krefeld-s1-susanne-mueller-koelmel-800x450.jpg",800,450,true],"ocean-thumb-l":["https:\/\/smk-art.de\/art\/wp-content\/uploads\/2025\/08\/come-together-sk-krefeld-s1-susanne-mueller-koelmel.jpg",960,480,false]},"uagb_author_info":{"display_name":"Susanne M\u00fcller-K\u00f6lmel","author_link":"https:\/\/smk-art.de\/art\/author\/susanne\/"},"uagb_comment_info":0,"uagb_excerpt":"Solingen meets Krefeld | SK bei GKK im Krefelder Kunstspektrum Der Titel der Ausstellung \u201eCome together\u201c steht im Kontext\u00a0des k\u00fcnstlerischen Austauschs der beiden K\u00fcnstlervereine aus Krefeld und Solingen. 2024 stellte der GKK Krefeld in den Galerier\u00e4umen der Solinger K\u00fcnstler e.V. in Solingen aus. Im Krefelder Kunstspektrum findet nun im August 2025 der Gegenbesuch satt. 29.8.-28.9.2025,&nbsp;Kunstspektrum&hellip;","_links":{"self":[{"href":"https:\/\/smk-art.de\/art\/wp-json\/wp\/v2\/posts\/8245","targetHints":{"allow":["GET"]}}],"collection":[{"href":"https:\/\/smk-art.de\/art\/wp-json\/wp\/v2\/posts"}],"about":[{"href":"https:\/\/smk-art.de\/art\/wp-json\/wp\/v2\/types\/post"}],"author":[{"embeddable":true,"href":"https:\/\/smk-art.de\/art\/wp-json\/wp\/v2\/users\/2"}],"replies":[{"embeddable":true,"href":"https:\/\/smk-art.de\/art\/wp-json\/wp\/v2\/comments?post=8245"}],"version-history":[{"count":4,"href":"https:\/\/smk-art.de\/art\/wp-json\/wp\/v2\/posts\/8245\/revisions"}],"predecessor-version":[{"id":8306,"href":"https:\/\/smk-art.de\/art\/wp-json\/wp\/v2\/posts\/8245\/revisions\/8306"}],"wp:featuredmedia":[{"embeddable":true,"href":"https:\/\/smk-art.de\/art\/wp-json\/wp\/v2\/media\/8212"}],"wp:attachment":[{"href":"https:\/\/smk-art.de\/art\/wp-json\/wp\/v2\/media?parent=8245"}],"wp:term":[{"taxonomy":"category","embeddable":true,"href":"https:\/\/smk-art.de\/art\/wp-json\/wp\/v2\/categories?post=8245"},{"taxonomy":"post_tag","embeddable":true,"href":"https:\/\/smk-art.de\/art\/wp-json\/wp\/v2\/tags?post=8245"}],"curies":[{"name":"wp","href":"https:\/\/api.w.org\/{rel}","templated":true}]}}