{"id":8411,"date":"2026-04-07T20:02:15","date_gmt":"2026-04-07T18:02:15","guid":{"rendered":"https:\/\/smk-art.de\/art\/?p=8411"},"modified":"2026-04-19T12:12:18","modified_gmt":"2026-04-19T10:12:18","slug":"ganz-duennes-eis","status":"publish","type":"post","link":"https:\/\/smk-art.de\/art\/ganz-duennes-eis\/","title":{"rendered":"Ganz d\u00fcnnes Eis"},"content":{"rendered":"\n<p><strong>GANZ D\u00dcNNES EIS&nbsp;\u2013 Jahresausstellung der SK, Solinger K\u00fcnstler e. V.&nbsp;im Kunstmuseum Solingen&nbsp;<\/strong><\/p>\n\n\n\n<figure class=\"wp-block-gallery has-nested-images columns-default is-cropped wp-block-gallery-1 is-layout-flex wp-block-gallery-is-layout-flex\">\n<figure class=\"wp-block-image size-full\"><img loading=\"lazy\" decoding=\"async\" width=\"960\" height=\"453\" data-id=\"8686\" src=\"https:\/\/smk-art.de\/art\/wp-content\/uploads\/2026\/01\/ganz-duennes-eis-verlaengerung-2026-susanne-mueller-koelmel-s.jpg\" alt=\"\" class=\"wp-image-8686\" srcset=\"https:\/\/smk-art.de\/art\/wp-content\/uploads\/2026\/01\/ganz-duennes-eis-verlaengerung-2026-susanne-mueller-koelmel-s.jpg 960w, https:\/\/smk-art.de\/art\/wp-content\/uploads\/2026\/01\/ganz-duennes-eis-verlaengerung-2026-susanne-mueller-koelmel-s-300x142.jpg 300w, https:\/\/smk-art.de\/art\/wp-content\/uploads\/2026\/01\/ganz-duennes-eis-verlaengerung-2026-susanne-mueller-koelmel-s-768x362.jpg 768w\" sizes=\"auto, (max-width: 960px) 100vw, 960px\" \/><\/figure>\n<\/figure>\n\n\n\n<p><strong>Dauer der Ausstellung:<\/strong>\u00a021.02.\u201322.03.2026<\/p>\n\n\n\n<p><strong>Finissage:<\/strong>&nbsp;22.3.2026,15 Uhr, Performance: kunstimwaldzimmer<\/p>\n\n\n\n<p><a href=\"https:\/\/www1.wdr.de\/lokalzeit\/fernsehen\/bergisches-land\/lokalzeit-bergisches-land-clip-lokalzeit-bergisches-land--19-03-2026-100.html\" target=\"_blank\" rel=\"noreferrer noopener\">WDR \u2013 Lokalzeit:<\/a>&nbsp;Ank\u00fcndigung unserer Finissage ab ca. 27:00 (Tips und Termine)<\/p>\n\n\n\n<p><strong>Ort:<\/strong>&nbsp;Kunstmuseum Solingen, Wuppertaler Stra\u00dfe 160, 42653 Solingen-Gr\u00e4frath<\/p>\n\n\n\n<p><strong>\u00d6ffnungszeiten:<\/strong>&nbsp;t\u00e4glich von 10\u201317 Uhr au\u00dfer montags<\/p>\n\n\n\n<figure class=\"wp-block-gallery has-nested-images columns-default is-cropped wp-block-gallery-2 is-layout-flex wp-block-gallery-is-layout-flex\">\n<figure class=\"wp-block-image size-large\"><a href=\"https:\/\/smk-art.de\/art\/wp-content\/uploads\/2026\/02\/das-dazwischen-2026-susanne-mueller-koelmel-s.jpg\"><img loading=\"lazy\" decoding=\"async\" width=\"960\" height=\"640\" data-id=\"8596\" src=\"https:\/\/smk-art.de\/art\/wp-content\/uploads\/2026\/02\/das-dazwischen-2026-susanne-mueller-koelmel-s.jpg\" alt=\"\" class=\"wp-image-8596\" srcset=\"https:\/\/smk-art.de\/art\/wp-content\/uploads\/2026\/02\/das-dazwischen-2026-susanne-mueller-koelmel-s.jpg 960w, https:\/\/smk-art.de\/art\/wp-content\/uploads\/2026\/02\/das-dazwischen-2026-susanne-mueller-koelmel-s-300x200.jpg 300w, https:\/\/smk-art.de\/art\/wp-content\/uploads\/2026\/02\/das-dazwischen-2026-susanne-mueller-koelmel-s-768x512.jpg 768w\" sizes=\"auto, (max-width: 960px) 100vw, 960px\" \/><\/a><\/figure>\n\n\n\n<figure class=\"wp-block-image size-large\"><a href=\"https:\/\/smk-art.de\/art\/wp-content\/uploads\/2026\/02\/back-her-up-2025-susanne-mueller-koelmel-s.jpg\"><img loading=\"lazy\" decoding=\"async\" width=\"720\" height=\"960\" data-id=\"8595\" src=\"https:\/\/smk-art.de\/art\/wp-content\/uploads\/2026\/02\/back-her-up-2025-susanne-mueller-koelmel-s.jpg\" alt=\"\" class=\"wp-image-8595\" srcset=\"https:\/\/smk-art.de\/art\/wp-content\/uploads\/2026\/02\/back-her-up-2025-susanne-mueller-koelmel-s.jpg 720w, https:\/\/smk-art.de\/art\/wp-content\/uploads\/2026\/02\/back-her-up-2025-susanne-mueller-koelmel-s-225x300.jpg 225w\" sizes=\"auto, (max-width: 720px) 100vw, 720px\" \/><\/a><\/figure>\n<\/figure>\n\n\n\n<p>Unter dem Projekttitel&nbsp;<em>IN LIMBO&nbsp;<\/em>(in der Schwebe) setzt sich die K\u00fcnstlerin mit der&nbsp;<strong>existenziellen und gesellschaftspolitischen Fragilit\u00e4t unserer Zeit auseinander<\/strong>. Die&nbsp;<strong>Malerei fungiert als Resonanzraum, in dem Unsicherheit, \u00dcberg\u00e4nge und die Zerbrechlichkeit menschlicher Erfahrungswelten&nbsp;thematisiert&nbsp;werden<\/strong>. Die Werke &#8211; DAS DAZWISCHEN, BACK HER UP und LUMIVISTA &#8211; er\u00f6ffnen&nbsp;<strong>Reflexionsr\u00e4ume \u00fcber Haltung, Wandel und Verantwortung zwischen pers\u00f6nlicher Erfahrung und kollektiver Geschichte<\/strong>.<\/p>\n\n\n\n<p><em>DAS DAZWISCHEN&nbsp;<\/em>ist&nbsp;<strong>als existenzielle Verdichtung des Lebens zwischen Geburt und Tod<\/strong>&nbsp;zu lesen. Was in dieser Zeitspanne geschieht, bleibt zu Beginn verborgen; oft erst im R\u00fcckblick erschlie\u00dfen sich die Zusammenh\u00e4nge der Ereignisse.&nbsp;Die&nbsp;<strong>Komposition ist autobiographisch durchzogen<\/strong>: Links erscheint eine Mutter mit einem&nbsp;<strong>S\u00e4ugling<\/strong>, rechts der Vater mit einem&nbsp;<strong>Baby<\/strong>(Zwillingsmotiv), das&nbsp;<strong>Anfang und Fortdauer&nbsp;<\/strong>symbolisiert. Im Zentrum markiert die&nbsp;<strong>Grabst\u00e4tte einer Urnenbestattung an einem frisch gepflanzten Baum das Ende<\/strong>&nbsp;und spannt den Bogen zwischen&nbsp;<strong>Geburt und Tod<\/strong>.&nbsp;<strong>Zwischen diesen beiden Polen entfaltet sich das Leben in seiner Unvorhersehbarkeit<\/strong>. Die Stabilit\u00e4t ist ungewiss, es bleiben Handlungsspielr\u00e4ume und M\u00f6glichkeiten diese Zeitspanne \u201ebewusst\u201c zu gestalten.<\/p>\n\n\n\n<p><strong><em>BACK HER UP&nbsp;<\/em><\/strong><strong>thematisiert die fragile Entwicklung der Gleichberechtigung, basierend auf Artikel 3 Absatz 2 des Grundgesetzes<\/strong>(Gleichstellung von Mann und Frau).&nbsp;<strong>Der Gesetzestext<\/strong>&nbsp;ist in die Malerei eingeschrieben und bildet ein&nbsp;<strong>textiles Ger\u00fcst<\/strong>&nbsp;\u2013 eine Art \u201ePatternscape\u201c \u00a9&nbsp;<em>(Musterlandschaft).&nbsp;<\/em>Das zentrale Motiv verweist auf eine&nbsp;<strong>Demonstration f\u00fcr das Frauenwahlrecht in Berlin im November 1912<\/strong>. Die Frauen erscheinen gesichtslos und symbolisieren die vielen Stimmen, die gesellschaftliche Ver\u00e4nderungen tragen. Das Motiv wurde gespiegelt und hinterfragt, inwieweit dieser Fortschritt Bestand hat.&nbsp;<strong><em>Back Her Up<\/em>&nbsp;verbindet pers\u00f6nliche Position, historische Erinnerung und verfassungsrechtliche Grundlagen zu einem bildnerischen Nachdenken \u00fcber gesellschaftlichen Wandel. Die Arbeit oszilliert zwischen Mahnung und Hoffnung<\/strong>&nbsp;&#8211; l\u00e4dt ein, die&nbsp;<strong>Errungenschaften fr\u00fcherer Frauenbewegungen zu w\u00fcrdigen<\/strong>&nbsp;und ihre&nbsp;<strong>heutige Relevanz<\/strong>&nbsp;zu reflektieren. Gleichberechtigung ist kein statischer Zustand, sondern eine fortlaufende Aufgabe.&nbsp;<\/p>\n","protected":false},"excerpt":{"rendered":"<p>Kunstmuseum Solingen<br \/>\nDauer: 21.2.\u201326.4.2026<br \/>\nVernissage: Samstag, 21.2.2026<\/p>\n","protected":false},"author":2,"featured_media":8704,"comment_status":"closed","ping_status":"","sticky":false,"template":"","format":"standard","meta":{"_uag_custom_page_level_css":"","pgc_sgb_lightbox_settings":"","ocean_post_layout":"","ocean_both_sidebars_style":"","ocean_both_sidebars_content_width":0,"ocean_both_sidebars_sidebars_width":0,"ocean_sidebar":"","ocean_second_sidebar":"","ocean_disable_margins":"enable","ocean_add_body_class":"","ocean_shortcode_before_top_bar":"","ocean_shortcode_after_top_bar":"","ocean_shortcode_before_header":"","ocean_shortcode_after_header":"","ocean_has_shortcode":"","ocean_shortcode_after_title":"","ocean_shortcode_before_footer_widgets":"","ocean_shortcode_after_footer_widgets":"","ocean_shortcode_before_footer_bottom":"","ocean_shortcode_after_footer_bottom":"","ocean_display_top_bar":"default","ocean_display_header":"default","ocean_header_style":"","ocean_center_header_left_menu":"","ocean_custom_header_template":"","ocean_custom_logo":0,"ocean_custom_retina_logo":0,"ocean_custom_logo_max_width":0,"ocean_custom_logo_tablet_max_width":0,"ocean_custom_logo_mobile_max_width":0,"ocean_custom_logo_max_height":0,"ocean_custom_logo_tablet_max_height":0,"ocean_custom_logo_mobile_max_height":0,"ocean_header_custom_menu":"","ocean_menu_typo_font_family":"","ocean_menu_typo_font_subset":"","ocean_menu_typo_font_size":0,"ocean_menu_typo_font_size_tablet":0,"ocean_menu_typo_font_size_mobile":0,"ocean_menu_typo_font_size_unit":"px","ocean_menu_typo_font_weight":"","ocean_menu_typo_font_weight_tablet":"","ocean_menu_typo_font_weight_mobile":"","ocean_menu_typo_transform":"","ocean_menu_typo_transform_tablet":"","ocean_menu_typo_transform_mobile":"","ocean_menu_typo_line_height":0,"ocean_menu_typo_line_height_tablet":0,"ocean_menu_typo_line_height_mobile":0,"ocean_menu_typo_line_height_unit":"","ocean_menu_typo_spacing":0,"ocean_menu_typo_spacing_tablet":0,"ocean_menu_typo_spacing_mobile":0,"ocean_menu_typo_spacing_unit":"","ocean_menu_link_color":"","ocean_menu_link_color_hover":"","ocean_menu_link_color_active":"","ocean_menu_link_background":"","ocean_menu_link_hover_background":"","ocean_menu_link_active_background":"","ocean_menu_social_links_bg":"","ocean_menu_social_hover_links_bg":"","ocean_menu_social_links_color":"","ocean_menu_social_hover_links_color":"","ocean_disable_title":"default","ocean_disable_heading":"default","ocean_post_title":"","ocean_post_subheading":"","ocean_post_title_style":"","ocean_post_title_background_color":"","ocean_post_title_background":0,"ocean_post_title_bg_image_position":"","ocean_post_title_bg_image_attachment":"","ocean_post_title_bg_image_repeat":"","ocean_post_title_bg_image_size":"","ocean_post_title_height":0,"ocean_post_title_bg_overlay":0.5,"ocean_post_title_bg_overlay_color":"","ocean_disable_breadcrumbs":"default","ocean_breadcrumbs_color":"","ocean_breadcrumbs_separator_color":"","ocean_breadcrumbs_links_color":"","ocean_breadcrumbs_links_hover_color":"","ocean_display_footer_widgets":"default","ocean_display_footer_bottom":"default","ocean_custom_footer_template":"","ocean_post_oembed":"","ocean_post_self_hosted_media":"","ocean_post_video_embed":"","ocean_link_format":"","ocean_link_format_target":"self","ocean_quote_format":"","ocean_quote_format_link":"post","ocean_gallery_link_images":"on","ocean_gallery_id":[],"footnotes":""},"categories":[21,6],"tags":[],"class_list":["post-8411","post","type-post","status-publish","format-standard","has-post-thumbnail","hentry","category-aktuelle-ausstellungen","category-ausstellungen","entry","has-media"],"featured_image_src":"https:\/\/smk-art.de\/art\/wp-content\/uploads\/2026\/01\/ganz-duennes-eis-verlaengerung-susanne-mueller-koelmel-s1.jpg","author_info":{"display_name":"Susanne M\u00fcller-K\u00f6lmel","author_link":"https:\/\/smk-art.de\/art\/author\/susanne\/"},"uagb_featured_image_src":{"full":["https:\/\/smk-art.de\/art\/wp-content\/uploads\/2026\/01\/ganz-duennes-eis-verlaengerung-susanne-mueller-koelmel-s1.jpg",960,453,false],"thumbnail":["https:\/\/smk-art.de\/art\/wp-content\/uploads\/2026\/01\/ganz-duennes-eis-verlaengerung-susanne-mueller-koelmel-s1-280x280.jpg",280,280,true],"medium":["https:\/\/smk-art.de\/art\/wp-content\/uploads\/2026\/01\/ganz-duennes-eis-verlaengerung-susanne-mueller-koelmel-s1-300x142.jpg",300,142,true],"medium_large":["https:\/\/smk-art.de\/art\/wp-content\/uploads\/2026\/01\/ganz-duennes-eis-verlaengerung-susanne-mueller-koelmel-s1-768x362.jpg",768,362,true],"large":["https:\/\/smk-art.de\/art\/wp-content\/uploads\/2026\/01\/ganz-duennes-eis-verlaengerung-susanne-mueller-koelmel-s1.jpg",960,453,false],"1536x1536":["https:\/\/smk-art.de\/art\/wp-content\/uploads\/2026\/01\/ganz-duennes-eis-verlaengerung-susanne-mueller-koelmel-s1.jpg",960,453,false],"2048x2048":["https:\/\/smk-art.de\/art\/wp-content\/uploads\/2026\/01\/ganz-duennes-eis-verlaengerung-susanne-mueller-koelmel-s1.jpg",960,453,false],"ocean-thumb-m":["https:\/\/smk-art.de\/art\/wp-content\/uploads\/2026\/01\/ganz-duennes-eis-verlaengerung-susanne-mueller-koelmel-s1-600x453.jpg",600,453,true],"ocean-thumb-ml":["https:\/\/smk-art.de\/art\/wp-content\/uploads\/2026\/01\/ganz-duennes-eis-verlaengerung-susanne-mueller-koelmel-s1-800x450.jpg",800,450,true],"ocean-thumb-l":["https:\/\/smk-art.de\/art\/wp-content\/uploads\/2026\/01\/ganz-duennes-eis-verlaengerung-susanne-mueller-koelmel-s1.jpg",960,453,false]},"uagb_author_info":{"display_name":"Susanne M\u00fcller-K\u00f6lmel","author_link":"https:\/\/smk-art.de\/art\/author\/susanne\/"},"uagb_comment_info":0,"uagb_excerpt":"Kunstmuseum Solingen Dauer: 21.2.\u201326.4.2026 Vernissage: Samstag, 21.2.2026","_links":{"self":[{"href":"https:\/\/smk-art.de\/art\/wp-json\/wp\/v2\/posts\/8411","targetHints":{"allow":["GET"]}}],"collection":[{"href":"https:\/\/smk-art.de\/art\/wp-json\/wp\/v2\/posts"}],"about":[{"href":"https:\/\/smk-art.de\/art\/wp-json\/wp\/v2\/types\/post"}],"author":[{"embeddable":true,"href":"https:\/\/smk-art.de\/art\/wp-json\/wp\/v2\/users\/2"}],"replies":[{"embeddable":true,"href":"https:\/\/smk-art.de\/art\/wp-json\/wp\/v2\/comments?post=8411"}],"version-history":[{"count":20,"href":"https:\/\/smk-art.de\/art\/wp-json\/wp\/v2\/posts\/8411\/revisions"}],"predecessor-version":[{"id":8720,"href":"https:\/\/smk-art.de\/art\/wp-json\/wp\/v2\/posts\/8411\/revisions\/8720"}],"wp:featuredmedia":[{"embeddable":true,"href":"https:\/\/smk-art.de\/art\/wp-json\/wp\/v2\/media\/8704"}],"wp:attachment":[{"href":"https:\/\/smk-art.de\/art\/wp-json\/wp\/v2\/media?parent=8411"}],"wp:term":[{"taxonomy":"category","embeddable":true,"href":"https:\/\/smk-art.de\/art\/wp-json\/wp\/v2\/categories?post=8411"},{"taxonomy":"post_tag","embeddable":true,"href":"https:\/\/smk-art.de\/art\/wp-json\/wp\/v2\/tags?post=8411"}],"curies":[{"name":"wp","href":"https:\/\/api.w.org\/{rel}","templated":true}]}}